{"id":36273,"date":"2023-02-02T17:44:50","date_gmt":"2023-02-02T23:44:50","guid":{"rendered":"https:\/\/encuentroinformativo.com.mx\/?p=36273"},"modified":"2023-02-02T17:44:54","modified_gmt":"2023-02-02T23:44:54","slug":"denuncian-presunta-detencion-arbitraria-de-jovenes-en-misantla","status":"publish","type":"post","link":"https:\/\/encuentroinformativo.com.mx\/?p=36273","title":{"rendered":"Denuncian presunta detenci\u00f3n arbitraria de j\u00f3venes en Misantla"},"content":{"rendered":"\n<p><strong>Juan Arcos <\/strong><\/p>\n\n\n\n<p>Xalapa, Ver.- Un docente y dos de sus amigos fueron sustra\u00eddos de manera violenta de un domicilio en Misantla, ubicado en la regi\u00f3n monta\u00f1osa de la zona centro de Veracruz.<\/p>\n\n\n\n<p>Se trata de los j\u00f3venes Perla, Manuel y Zahir, quienes estuvieron en calidad de desaparecidos por unas horas, fueron golpeados y posteriormente presentados en la ciudad de Xalapa como presuntos secuestradores.<\/p>\n\n\n\n<p>De acuerdo con Nora Caraza Morales, t\u00eda del profesor Manuel \u201cN\u201d, los hechos ocurrieron alrededor de las tres de la ma\u00f1ana del pasado jueves, cuando un comando irrumpi\u00f3 la vivienda, al presuntamente tener el reporte de una llamada an\u00f3nima, de que en esa vivienda ten\u00edan a una persona secuestrada.<\/p>\n\n\n\n<p>La detenci\u00f3n de estas tres personas fue difundida en redes sociales. La casa es propiedad de Zahir, la rentaba Manuel y ese d\u00eda de la detenci\u00f3n all\u00ed se encontraba Perla.<\/p>\n\n\n\n<p>La se\u00f1ora record\u00f3 que nunca fueron notificados de la situaci\u00f3n legal de su sobrino pues se enteraron de lo ocurri\u00f3 a trav\u00e9s de redes sociales.<\/p>\n\n\n\n<p>Despu\u00e9s de verificar, la polic\u00eda municipal de Misantla y \u00e1reas de seguridad local, decidieron buscar en la ciudad de Xalapa en las oficinas de la Fiscal\u00eda General del Estado (FGE) ubicadas en Arco Sur, en avenida \u00c1vila Camacho, en Las trancas, el C4 y en todos estos lugares les negaron la presencia de Manuel.<\/p>\n\n\n\n<p>&#8220;No es posible que pase algo as\u00ed y nos nieguen la informaci\u00f3n. Por la tarde ya aparece Manuel como detenido y que estaba en traslado para Pacho\u201d, cont\u00f3 la t\u00eda.<\/p>\n\n\n\n<p>Se enteraron por personas ajenas al caso que Manuel estaba retenido en la Unidad Especializada de Combate al Secuestro pero no pod\u00edan verlo, as\u00ed como tambi\u00e9n conocieron que Zahir, due\u00f1o del domicilio, y Perla, decoradora y amiga de Manuel, estaban en la misma situaci\u00f3n legal.<\/p>\n\n\n\n<p>Nora Caraza a\u00f1adi\u00f3 que su familiar es un joven ingeniero industrial, egresado del Instituto Tecnol\u00f3gico de Misantla y actualmente es auxiliar de un regidor del ayuntamiento de Misantla.<\/p>\n\n\n\n<p>Por la tarde se dedicaba a un empleo enfocado a la decoraci\u00f3n de fiestas donde se coordinaba con Perla.<\/p>\n\n\n\n<p>Hasta el momento, la familia tiene conocimiento que Manuel es acusado porque se\u00f1alaron v\u00eda telef\u00f3nica, de forma an\u00f3nima, que el domicilio donde viv\u00eda hab\u00eda una persona secuestrada.<\/p>\n\n\n\n<p>Adem\u00e1s, es procesado por presunta posesi\u00f3n de marihuana y amenazar de muerte con un arma de fuego a elementos policiacos.<\/p>\n\n\n\n<p>La familia exige justicia y planea manifestarse en Misantla, previo a la primera audiencia programada para el viernes a las siete de la ma\u00f1ana en Pacho, en Coatepec.<\/p>\n","protected":false},"excerpt":{"rendered":"<p>Juan Arcos Xalapa, Ver.- Un docente y dos de sus amigos fueron sustra\u00eddos de manera violenta de un domicilio en Misantla, ubicado en la regi\u00f3n monta\u00f1osa de la zona centro de Veracruz. Se trata de los j\u00f3venes Perla, Manuel y Zahir, quienes estuvieron en calidad de desaparecidos por unas horas, fueron golpeados y posteriormente presentados [&hellip;]<\/p>\n","protected":false},"author":2476,"featured_media":36274,"comment_status":"open","ping_status":"open","sticky":false,"template":"","format":"standard","meta":{"_jetpack_memberships_contains_paid_content":false,"footnotes":""},"categories":[2],"tags":[],"class_list":["post-36273","post","type-post","status-publish","format-standard","has-post-thumbnail","hentry","category-estado"],"jetpack_featured_media_url":"https:\/\/encuentroinformativo.com.mx\/wp-content\/uploads\/2023\/02\/IMG_1552.jpg","jetpack_sharing_enabled":true,"jetpack_likes_enabled":true,"amp_enabled":true,"_links":{"self":[{"href":"https:\/\/encuentroinformativo.com.mx\/index.php?rest_route=\/wp\/v2\/posts\/36273","targetHints":{"allow":["GET"]}}],"collection":[{"href":"https:\/\/encuentroinformativo.com.mx\/index.php?rest_route=\/wp\/v2\/posts"}],"about":[{"href":"https:\/\/encuentroinformativo.com.mx\/index.php?rest_route=\/wp\/v2\/types\/post"}],"author":[{"embeddable":true,"href":"https:\/\/encuentroinformativo.com.mx\/index.php?rest_route=\/wp\/v2\/users\/2476"}],"replies":[{"embeddable":true,"href":"https:\/\/encuentroinformativo.com.mx\/index.php?rest_route=%2Fwp%2Fv2%2Fcomments&post=36273"}],"version-history":[{"count":1,"href":"https:\/\/encuentroinformativo.com.mx\/index.php?rest_route=\/wp\/v2\/posts\/36273\/revisions"}],"predecessor-version":[{"id":36275,"href":"https:\/\/encuentroinformativo.com.mx\/index.php?rest_route=\/wp\/v2\/posts\/36273\/revisions\/36275"}],"wp:featuredmedia":[{"embeddable":true,"href":"https:\/\/encuentroinformativo.com.mx\/index.php?rest_route=\/wp\/v2\/media\/36274"}],"wp:attachment":[{"href":"https:\/\/encuentroinformativo.com.mx\/index.php?rest_route=%2Fwp%2Fv2%2Fmedia&parent=36273"}],"wp:term":[{"taxonomy":"category","embeddable":true,"href":"https:\/\/encuentroinformativo.com.mx\/index.php?rest_route=%2Fwp%2Fv2%2Fcategories&post=36273"},{"taxonomy":"post_tag","embeddable":true,"href":"https:\/\/encuentroinformativo.com.mx\/index.php?rest_route=%2Fwp%2Fv2%2Ftags&post=36273"}],"curies":[{"name":"wp","href":"https:\/\/api.w.org\/{rel}","templated":true}]}}