{"id":36291,"date":"2023-02-03T10:23:24","date_gmt":"2023-02-03T16:23:24","guid":{"rendered":"https:\/\/encuentroinformativo.com.mx\/?p=36291"},"modified":"2023-02-03T10:23:28","modified_gmt":"2023-02-03T16:23:28","slug":"ya-es-de-3","status":"publish","type":"post","link":"https:\/\/encuentroinformativo.com.mx\/?p=36291","title":{"rendered":"YA ES DE 3"},"content":{"rendered":"\n<p><strong>Los Pol\u00edticos<\/strong><\/p>\n\n\n\n<p><strong>Salvador Mu\u00f1oz<\/strong><\/p>\n\n\n\n<p>Al \u201cshadow boxing\u201d que se viene dando desde hace varios meses entre Roc\u00edo Nahle y Sergio Guti\u00e9rrez Luna por fin le ponen saz\u00f3n y entra a este \u201cprevio\u201d al 2024, alguien quien por cierto, gusta del arte de fistiana: Zenyazen Escobar Garc\u00eda.<\/p>\n\n\n\n<p>Todav\u00eda hace unos d\u00edas, comentaba de la excesiva institucionalidad en los cercanos a Cuitl\u00e1huac Garc\u00eda Jim\u00e9nez, que de un modo u otro han recorrido lo largo y ancho del Estado, y en una de \u00e9sas, hasta sean m\u00e1s conocidos que la secre de Energ\u00eda y hasta Cheko, pero que eran incapaces de decir \u201cYo quiero\u201d&#8230;<\/p>\n\n\n\n<p>Bueno, a\u00fan nadie ha dicho \u201cQuiero\u201d, ni el mismo Zenyazen, porque quien lo empuja es un periodista de SDP Noticias, Antar M. Nacif, al considerar que la contienda por la candidatura al Gobierno de Veracruz no ser\u00e1 de dos, sino de tres, y es ah\u00ed en donde incluye a Zenyazen.<\/p>\n\n\n\n<p>El argumento que esgrime es el siguiente:<\/p>\n\n\n\n<p>\u201cQuienes hablan que este conflicto entre morenistas no traer\u00e1 consecuencias, se est\u00e1n enga\u00f1ando, en caso de enviar otro candidato, podr\u00eda pasar algo similar a Coahuila y Sergio Guti\u00e9rrez pueda decidir buscar otra forma de llegar al gobierno estatal.&nbsp;<\/p>\n\n\n\n<p>\u201cAhora, con la resoluci\u00f3n del poder judicial de la federaci\u00f3n que invalidar\u00eda la candidatura de Roc\u00edo Nahle, que todav\u00eda nada est\u00e1 dicho, debemos recordar que otros buscan llegar al palacio de gobierno del Estado, como el secretario de educaci\u00f3n de Veracruz, Zenyazen Roberto Escobar Garc\u00eda\u201d.<\/p>\n\n\n\n<p>Si bien es respetable su opini\u00f3n, no la comparto\u2026 al menos lo que yo veo hasta este momento, son dos fuerzas jalando en sentido contrario cada una de ellas y habr\u00e1 un momento en que se tengan que distensar para negociar, dialogar, acordar lo mejor para ambas partes en contienda\u2026 y es ah\u00ed cuando puede entrar un tercero en discordia que sea la apuesta de la continuidad del trabajo que (supone Cuitl\u00e1huac) se est\u00e1 haciendo en Veracruz, y qui\u00e9n mejor que sea un integrante de su Gabinete\u2026<\/p>\n\n\n\n<p>Pero no cualquier integrante\u2026 debe ser uno que pueda transitar entre los dem\u00e1s miembros del equipo sin problema, as\u00ed como con el Poder Legislativo donde la mayor\u00eda morena manda. Adem\u00e1s, un personaje que dialogue con PAN, PRI o cualesquier fuerzas pol\u00edticas y al menos, hablando de los secretarios, ha sido reconocido por ello.<\/p>\n\n\n\n<p>Conociendo a Zenyazen, quien adem\u00e1s de n\u00e1huatl, ya debe venir hablando ingl\u00e9s desde Washington, se va a dejar querer por el comentario de Antar M. Nacif pero ha de guardar paciencia, prudencia, verbal continencia, dominio de la ciencia, y presencia o ausencia, seg\u00fan conveniencia, dijera el \u00ednclito Javier Duarte, aunque ha de asumir las consecuencias\u2026<\/p>\n\n\n\n<p>\u00bfCu\u00e1les? La serie de madrazos que seguro ha de desencadenar por ser considerado como una opci\u00f3n que es seguro, no ver\u00e1 mal ni el Gobernador, ni el partido en Veracruz, ni tampoco en el nacional porque hasta el momento, el cuasi paisano \u201cai\u201d la lleva\u2026 no se confronta con nadie, al contrario, busca aliados \u00a1no como otroos que se pelean hasta con el secretario de Gobernaci\u00f3n!<\/p>\n\n\n\n<p>Al final, lo interesante de esta pugna por la candidatura al 2024, es que haya opciones, haya m\u00e1s cartas, m\u00e1s caras y m\u00e1s jugadores\u2026 Zenyazen ya entr\u00f3 al juego y ni siquiera hab\u00eda bajado del avi\u00f3n.<\/p>\n","protected":false},"excerpt":{"rendered":"<p>Los Pol\u00edticos Salvador Mu\u00f1oz Al \u201cshadow boxing\u201d que se viene dando desde hace varios meses entre Roc\u00edo Nahle y Sergio Guti\u00e9rrez Luna por fin le ponen saz\u00f3n y entra a este \u201cprevio\u201d al 2024, alguien quien por cierto, gusta del arte de fistiana: Zenyazen Escobar Garc\u00eda. Todav\u00eda hace unos d\u00edas, comentaba de la excesiva institucionalidad [&hellip;]<\/p>\n","protected":false},"author":2476,"featured_media":387,"comment_status":"open","ping_status":"open","sticky":false,"template":"","format":"standard","meta":{"_jetpack_memberships_contains_paid_content":false,"footnotes":""},"categories":[11],"tags":[],"class_list":["post-36291","post","type-post","status-publish","format-standard","has-post-thumbnail","hentry","category-opinion"],"jetpack_featured_media_url":"https:\/\/encuentroinformativo.com.mx\/wp-content\/uploads\/2020\/03\/7CF8A22B-2764-47BE-8F7F-38FE9E5D6A2F.jpeg","jetpack_sharing_enabled":true,"jetpack_likes_enabled":true,"amp_enabled":true,"_links":{"self":[{"href":"https:\/\/encuentroinformativo.com.mx\/index.php?rest_route=\/wp\/v2\/posts\/36291","targetHints":{"allow":["GET"]}}],"collection":[{"href":"https:\/\/encuentroinformativo.com.mx\/index.php?rest_route=\/wp\/v2\/posts"}],"about":[{"href":"https:\/\/encuentroinformativo.com.mx\/index.php?rest_route=\/wp\/v2\/types\/post"}],"author":[{"embeddable":true,"href":"https:\/\/encuentroinformativo.com.mx\/index.php?rest_route=\/wp\/v2\/users\/2476"}],"replies":[{"embeddable":true,"href":"https:\/\/encuentroinformativo.com.mx\/index.php?rest_route=%2Fwp%2Fv2%2Fcomments&post=36291"}],"version-history":[{"count":1,"href":"https:\/\/encuentroinformativo.com.mx\/index.php?rest_route=\/wp\/v2\/posts\/36291\/revisions"}],"predecessor-version":[{"id":36292,"href":"https:\/\/encuentroinformativo.com.mx\/index.php?rest_route=\/wp\/v2\/posts\/36291\/revisions\/36292"}],"wp:featuredmedia":[{"embeddable":true,"href":"https:\/\/encuentroinformativo.com.mx\/index.php?rest_route=\/wp\/v2\/media\/387"}],"wp:attachment":[{"href":"https:\/\/encuentroinformativo.com.mx\/index.php?rest_route=%2Fwp%2Fv2%2Fmedia&parent=36291"}],"wp:term":[{"taxonomy":"category","embeddable":true,"href":"https:\/\/encuentroinformativo.com.mx\/index.php?rest_route=%2Fwp%2Fv2%2Fcategories&post=36291"},{"taxonomy":"post_tag","embeddable":true,"href":"https:\/\/encuentroinformativo.com.mx\/index.php?rest_route=%2Fwp%2Fv2%2Ftags&post=36291"}],"curies":[{"name":"wp","href":"https:\/\/api.w.org\/{rel}","templated":true}]}}