{"id":36296,"date":"2023-02-03T10:28:41","date_gmt":"2023-02-03T16:28:41","guid":{"rendered":"https:\/\/encuentroinformativo.com.mx\/?p=36296"},"modified":"2023-02-03T10:28:45","modified_gmt":"2023-02-03T16:28:45","slug":"se-caen-ventanales-de-la-torre-arista-en-el-malecon-de-veracruz","status":"publish","type":"post","link":"https:\/\/encuentroinformativo.com.mx\/?p=36296","title":{"rendered":"Se caen ventanales de la Torre Arista en el malec\u00f3n de Veracruz"},"content":{"rendered":"\n<p><strong>Alejandro \u00c1vila<\/strong><\/p>\n\n\n\n<p>Veracruz, Ver.- Los ventanales de la pol\u00e9mica Torre Arista ubicada en la calle Xicot\u00e9ncatl esquina con Mariano Arista, se cayeron la ma\u00f1ana de este viernes 3 de febrero debido a las fuertes rachas de vientos Norte.<\/p>\n\n\n\n<p>La circulaci\u00f3n tuvo que ser bloqueada por personal de la direcci\u00f3n de Tr\u00e1nsito Municipal debido a que decenas de vidrios yac\u00edan sobre la calle Xicot\u00e9ncatl, incluso, un autom\u00f3vil se vio afectado con un trozo de estructura qu\u00e9 da\u00f1\u00f3 el veh\u00edculo, afortunadamente no hab\u00eda nadie en su interior.<\/p>\n\n\n\n<p>La Torre Arista tomo relevancia luego de que el presidente Andr\u00e9s Manuel L\u00f3pez Obrador se\u00f1alara qu\u00e9 da\u00f1aba la vista del Malec\u00f3n de Veracruz debido a su altura, d\u00edas m\u00e1s tarde la Procuradur\u00eda de Medio Ambiente a cargo de Sergio Rodr\u00edguez Cort\u00e9s comenz\u00f3 una serie de litigios para intentar clausurarla; sin embargo, un Juez Federal les concedi\u00f3 amparos para terminar la obra.<\/p>\n\n\n\n<p>Este no fue el \u00fanico problema que se suscit\u00f3 en Veracruz puerto debido al paso del Frente Fr\u00edo n\u00famero 28, el cual mantiene rachas de hasta 104 kil\u00f3metros por hora; debajo del distribuidor vial del aeropuerto de Veracruz un poste de luz se derrumb\u00f3 dejando bloqueado 3 carriles y provocando un caos vial.<\/p>\n\n\n\n<figure class=\"wp-block-image size-large\"><img loading=\"lazy\" decoding=\"async\" width=\"1024\" height=\"501\" src=\"https:\/\/encuentroinformativo.com.mx\/wp-content\/uploads\/2023\/02\/IMG-20230203-WA0047-1024x501.jpg\" alt=\"\" class=\"wp-image-36298\" srcset=\"https:\/\/encuentroinformativo.com.mx\/wp-content\/uploads\/2023\/02\/IMG-20230203-WA0047-1024x501.jpg 1024w, https:\/\/encuentroinformativo.com.mx\/wp-content\/uploads\/2023\/02\/IMG-20230203-WA0047-300x147.jpg 300w, https:\/\/encuentroinformativo.com.mx\/wp-content\/uploads\/2023\/02\/IMG-20230203-WA0047-768x375.jpg 768w, https:\/\/encuentroinformativo.com.mx\/wp-content\/uploads\/2023\/02\/IMG-20230203-WA0047.jpg 1080w\" sizes=\"auto, (max-width: 1024px) 100vw, 1024px\" \/><\/figure>\n","protected":false},"excerpt":{"rendered":"<p>Alejandro \u00c1vila Veracruz, Ver.- Los ventanales de la pol\u00e9mica Torre Arista ubicada en la calle Xicot\u00e9ncatl esquina con Mariano Arista, se cayeron la ma\u00f1ana de este viernes 3 de febrero debido a las fuertes rachas de vientos Norte. La circulaci\u00f3n tuvo que ser bloqueada por personal de la direcci\u00f3n de Tr\u00e1nsito Municipal debido a que [&hellip;]<\/p>\n","protected":false},"author":2476,"featured_media":36297,"comment_status":"open","ping_status":"open","sticky":false,"template":"","format":"standard","meta":{"_jetpack_memberships_contains_paid_content":false,"footnotes":""},"categories":[2],"tags":[],"class_list":["post-36296","post","type-post","status-publish","format-standard","has-post-thumbnail","hentry","category-estado"],"jetpack_featured_media_url":"https:\/\/encuentroinformativo.com.mx\/wp-content\/uploads\/2023\/02\/IMG-20230203-WA0050.jpg","jetpack_sharing_enabled":true,"jetpack_likes_enabled":true,"amp_enabled":true,"_links":{"self":[{"href":"https:\/\/encuentroinformativo.com.mx\/index.php?rest_route=\/wp\/v2\/posts\/36296","targetHints":{"allow":["GET"]}}],"collection":[{"href":"https:\/\/encuentroinformativo.com.mx\/index.php?rest_route=\/wp\/v2\/posts"}],"about":[{"href":"https:\/\/encuentroinformativo.com.mx\/index.php?rest_route=\/wp\/v2\/types\/post"}],"author":[{"embeddable":true,"href":"https:\/\/encuentroinformativo.com.mx\/index.php?rest_route=\/wp\/v2\/users\/2476"}],"replies":[{"embeddable":true,"href":"https:\/\/encuentroinformativo.com.mx\/index.php?rest_route=%2Fwp%2Fv2%2Fcomments&post=36296"}],"version-history":[{"count":1,"href":"https:\/\/encuentroinformativo.com.mx\/index.php?rest_route=\/wp\/v2\/posts\/36296\/revisions"}],"predecessor-version":[{"id":36299,"href":"https:\/\/encuentroinformativo.com.mx\/index.php?rest_route=\/wp\/v2\/posts\/36296\/revisions\/36299"}],"wp:featuredmedia":[{"embeddable":true,"href":"https:\/\/encuentroinformativo.com.mx\/index.php?rest_route=\/wp\/v2\/media\/36297"}],"wp:attachment":[{"href":"https:\/\/encuentroinformativo.com.mx\/index.php?rest_route=%2Fwp%2Fv2%2Fmedia&parent=36296"}],"wp:term":[{"taxonomy":"category","embeddable":true,"href":"https:\/\/encuentroinformativo.com.mx\/index.php?rest_route=%2Fwp%2Fv2%2Fcategories&post=36296"},{"taxonomy":"post_tag","embeddable":true,"href":"https:\/\/encuentroinformativo.com.mx\/index.php?rest_route=%2Fwp%2Fv2%2Ftags&post=36296"}],"curies":[{"name":"wp","href":"https:\/\/api.w.org\/{rel}","templated":true}]}}