{"id":36307,"date":"2023-02-03T13:12:19","date_gmt":"2023-02-03T19:12:19","guid":{"rendered":"https:\/\/encuentroinformativo.com.mx\/?p=36307"},"modified":"2023-02-03T13:12:22","modified_gmt":"2023-02-03T19:12:22","slug":"plan-b-de-reforma-electoral-es-retroceso-afirma-senador","status":"publish","type":"post","link":"https:\/\/encuentroinformativo.com.mx\/?p=36307","title":{"rendered":"Plan B de reforma electoral es retroceso, afirma Senador"},"content":{"rendered":"\n<p><strong>Dar\u00edo Pale <\/strong><\/p>\n\n\n\n<p>Xalapa, Ver.- La reforma electoral denominada Plan B, es una regresi\u00f3n a la democracia, ya que atenta contra las elecciones como hasta hoy se han llevado a cabo, as\u00ed lo dio a conocer el senador Julen Rementer\u00eda del Puerto, adem\u00e1s de que buscan destruir al INE e incidir en los resultados de las elecciones.\u00a0<\/p>\n\n\n\n<p>En conferencia de prensa se\u00f1al\u00f3 que, &#8220;es una toma por asalto del INE, para poder, primero, destruirlo, y luego incidir en el resultado de las elecciones, eso es lo grave que se est\u00e1 viendo&#8221;.\u00a0<\/p>\n\n\n\n<p>Coment\u00f3 que con la reforma electoral, el 80 por ciento del personal del INE se va de la estructura, y eso significa, dijo, una disminuci\u00f3n en las capacidades t\u00e9cnicas para desarrollar todos los procesos que se tienen que hacer.\u00a0<\/p>\n\n\n\n<p>&#8220;Hoy, ante la inminencia en la ca\u00edda de las preferencias del presidente y del Gobierno, \u00a0saben ellos que tienen posibilidades reales de perder en el 2024, ahora, en el 2023 en Coahuila y en el Estado de M\u00e9xico&#8221;, se\u00f1al\u00f3.<\/p>\n\n\n\n<p>Consider\u00f3 que buscan demeritar, devaluar al INE, ya que reducen todas las \u00e1reas de competencia, sin un dictamen, &#8220;Sin un s\u00f3lo dictamen t\u00e9cnico, est\u00e1n aplicando a machetazos el recorte en esta reforma&#8221;.\u00a0<\/p>\n\n\n\n<p>El senador detall\u00f3 que pretenden quitar los 300 distritos electorales, a los consejeros electorales los reducen de 5 a solamente a 1.<\/p>\n\n\n\n<p>&#8220;Todas las actividades que tienen que hacer desde las etapas previas, la entrega de credenciales, la renovaci\u00f3n, muchos de los procesos quedan en manos de una en lugar de cinco personas&#8221;, coment\u00f3.<\/p>\n\n\n\n<p>Tambi\u00e9n alert\u00f3 sobre la certeza en las elecciones, pues, dijo, ya no va a haber la disposici\u00f3n de m\u00f3dulos oficiales.\u00a0<\/p>\n\n\n\n<p>&#8220;Si ah\u00ed les prestan una oficina, y en otra oficina de gobierno le prestan otra, se van a volver oficinas itinerantes, en distintos lugares p\u00fablicos, que sean de los gobiernos, para poder instalar estos m\u00f3dulos&#8221;, dijo en la conferencia.<\/p>\n\n\n\n<p>Por lo que consider\u00f3 que esto significa la imposibilidad de que todo el mundo tenga la facilidad de llegar y adquirir su credencial, tenerla, renovarla, adem\u00e1s critic\u00f3 el hecho de que se pretende desaparecer al secretario t\u00e9cnico \u00a0del Instituto Nacional Electoral.\u00a0<\/p>\n\n\n\n<p>&#8220;Es la figura que est\u00e1 contemplada en la Constituci\u00f3n y en la ley, no es una figura menor, no es un asunto de un funcionario menor que nombren nada m\u00e1s los consejeros y le hayan dado atribuciones, est\u00e1 en la Constituci\u00f3n, y hoy de tajo quiere simplemente eliminarlo, y poder desarrollar las actividades, irlas repartiendo a distintas \u00e1reas del Instituto y eso va a generar un verdadero desorden&#8221;, acus\u00f3.<\/p>\n\n\n\n<p>El senador expuso que con todo ello se prev\u00e9 que haya un caos muy serio y se puede generar asuntos que ya culpen a quien organice las elecciones, por lo que &#8220;Esto podr\u00eda buscar que ya no se conf\u00ede en el INE, reventar al INE, dej\u00e1ndolo en la inoperancia y sustituirlo con algo que desde el gobierno pudieran controlar&#8221;.\u00a0<\/p>\n\n\n\n<p>De manera que, expuso, esa es la verdadera intenci\u00f3n, &#8220;porque cuando vemos todo lo que se est\u00e1 proponiendo, nadie se explica, de manera racional, que se puede proponer lo que se est\u00e1 proponiendo&#8221;.\u00a0<\/p>\n\n\n\n<p>Adem\u00e1s, acot\u00f3 que como no pudieron reformar la Constituci\u00f3n porque no contaban con los votos suficientes, lo que hacen es reformar leyes secundarias en donde s\u00ed tienen votos necesarios.\u00a0<\/p>\n\n\n\n<p>&#8220;Con el riesgo de que esa modificaci\u00f3n, contrarias a la Constituci\u00f3n, sean combatidas, y se prev\u00e9 que esta reforma, pueda ser el instrumento legislativo m\u00e1s impugnado en la historia de este pa\u00eds&#8221;, inform\u00f3.<\/p>\n\n\n\n<p>Finalmente el legislador de la C\u00e1mara Alta indic\u00f3 que se prev\u00e9 que se discutir\u00e1 en las pr\u00f3ximas dos semanas.<\/p>\n","protected":false},"excerpt":{"rendered":"<p>Dar\u00edo Pale Xalapa, Ver.- La reforma electoral denominada Plan B, es una regresi\u00f3n a la democracia, ya que atenta contra las elecciones como hasta hoy se han llevado a cabo, as\u00ed lo dio a conocer el senador Julen Rementer\u00eda del Puerto, adem\u00e1s de que buscan destruir al INE e incidir en los resultados de las [&hellip;]<\/p>\n","protected":false},"author":2476,"featured_media":24577,"comment_status":"open","ping_status":"open","sticky":false,"template":"","format":"standard","meta":{"_jetpack_memberships_contains_paid_content":false,"footnotes":""},"categories":[12],"tags":[],"class_list":["post-36307","post","type-post","status-publish","format-standard","has-post-thumbnail","hentry","category-nacional"],"jetpack_featured_media_url":"https:\/\/encuentroinformativo.com.mx\/wp-content\/uploads\/2022\/03\/6190AA0E-6FD1-4B81-B09A-4392B91F452C.jpeg","jetpack_sharing_enabled":true,"jetpack_likes_enabled":true,"amp_enabled":true,"_links":{"self":[{"href":"https:\/\/encuentroinformativo.com.mx\/index.php?rest_route=\/wp\/v2\/posts\/36307","targetHints":{"allow":["GET"]}}],"collection":[{"href":"https:\/\/encuentroinformativo.com.mx\/index.php?rest_route=\/wp\/v2\/posts"}],"about":[{"href":"https:\/\/encuentroinformativo.com.mx\/index.php?rest_route=\/wp\/v2\/types\/post"}],"author":[{"embeddable":true,"href":"https:\/\/encuentroinformativo.com.mx\/index.php?rest_route=\/wp\/v2\/users\/2476"}],"replies":[{"embeddable":true,"href":"https:\/\/encuentroinformativo.com.mx\/index.php?rest_route=%2Fwp%2Fv2%2Fcomments&post=36307"}],"version-history":[{"count":1,"href":"https:\/\/encuentroinformativo.com.mx\/index.php?rest_route=\/wp\/v2\/posts\/36307\/revisions"}],"predecessor-version":[{"id":36308,"href":"https:\/\/encuentroinformativo.com.mx\/index.php?rest_route=\/wp\/v2\/posts\/36307\/revisions\/36308"}],"wp:featuredmedia":[{"embeddable":true,"href":"https:\/\/encuentroinformativo.com.mx\/index.php?rest_route=\/wp\/v2\/media\/24577"}],"wp:attachment":[{"href":"https:\/\/encuentroinformativo.com.mx\/index.php?rest_route=%2Fwp%2Fv2%2Fmedia&parent=36307"}],"wp:term":[{"taxonomy":"category","embeddable":true,"href":"https:\/\/encuentroinformativo.com.mx\/index.php?rest_route=%2Fwp%2Fv2%2Fcategories&post=36307"},{"taxonomy":"post_tag","embeddable":true,"href":"https:\/\/encuentroinformativo.com.mx\/index.php?rest_route=%2Fwp%2Fv2%2Ftags&post=36307"}],"curies":[{"name":"wp","href":"https:\/\/api.w.org\/{rel}","templated":true}]}}