{"id":36309,"date":"2023-02-03T13:16:35","date_gmt":"2023-02-03T19:16:35","guid":{"rendered":"https:\/\/encuentroinformativo.com.mx\/?p=36309"},"modified":"2023-02-03T13:16:38","modified_gmt":"2023-02-03T19:16:38","slug":"ocupa-veracruz-tercer-lugar-en-muertes-por-cancer-2","status":"publish","type":"post","link":"https:\/\/encuentroinformativo.com.mx\/?p=36309","title":{"rendered":"Ocupa Veracruz tercer lugar en muertes por c\u00e1ncer"},"content":{"rendered":"\n<p><strong>Juan Arcos <\/strong><\/p>\n\n\n\n<p>Xalapa, Ver.- El estado de Veracruz ocupa el tercer lugar a nivel nacional con un mayor n\u00famero de muertes a causa de tumores malignos.<\/p>\n\n\n\n<p>De acuerdo con cifras del Instituto Nacional de Estad\u00edstica, Geograf\u00eda e Informaci\u00f3n (INEGI), la tasa de defunciones por tumores malignos en esta entidad es de 8.1 por cada 10 mil habitantes.<\/p>\n\n\n\n<p>Las entidades federativas que presentaron la tasa m\u00e1s alta de defunciones por tumores malignos en 2021 fueron Ciudad de M\u00e9xico, Colima, Veracruz de Ignacio de la Llave, Sonora, Chihuahua y Morelos, con tasa de 7.8 a 9.3 defunciones por cada 10 mil habitantes.<\/p>\n\n\n\n<p>En contraste, las entidades con la tasa m\u00e1s baja de defunciones por tumores malignos en 2021 fueron Quintana Roo, Tlaxcala, Guerrero, Puebla, Quer\u00e9taro y M\u00e9xico, con tasa de 4.7 a 6.2 defunciones por cada 10 mil habitantes.<\/p>\n\n\n\n<p>El pr\u00f3ximo 4 de febrero se conmemora el D\u00eda Mundial contra el C\u00e1ncer y el INEGI muestra cifras relevantes sobre este mal en toda la Rep\u00fablica Mexicana.<\/p>\n\n\n\n<p>En 2021, en M\u00e9xico se registraron un mill\u00f3n 122 mil 249 defunciones, de las cuales 8 por ciento fue por tumores malignos (90 mil 123).<\/p>\n\n\n\n<p>La tasa de defunciones por esta causa aument\u00f3 de forma constante, al pasar de 6.09 defunciones por cada 10 mil personas en 2010, a 7.06 en 2021.<\/p>\n\n\n\n<p>De acuerdo con la Organizaci\u00f3n Mundial de la Salud (OMS), la presencia de esta enfermedad se incrementa con la edad, debido a la acumulaci\u00f3n de factores de riesgo, que se combinan con la p\u00e9rdida de eficacia de los mecanismos de reparaci\u00f3n celular que suele ocurrir con el proceso del envejecimiento.<\/p>\n\n\n\n<p>A partir de los 50 a\u00f1os hay un incremento m\u00e1s din\u00e1mico en la tasa de defunci\u00f3n por tumores malignos, tanto en hombres como en mujeres, aunque a partir de los 60 a\u00f1os, la tasa en cada grupo de edad es superior en los hombres.<\/p>\n","protected":false},"excerpt":{"rendered":"<p>Juan Arcos Xalapa, Ver.- El estado de Veracruz ocupa el tercer lugar a nivel nacional con un mayor n\u00famero de muertes a causa de tumores malignos. De acuerdo con cifras del Instituto Nacional de Estad\u00edstica, Geograf\u00eda e Informaci\u00f3n (INEGI), la tasa de defunciones por tumores malignos en esta entidad es de 8.1 por cada 10 [&hellip;]<\/p>\n","protected":false},"author":2476,"featured_media":36310,"comment_status":"open","ping_status":"open","sticky":false,"template":"","format":"standard","meta":{"_jetpack_memberships_contains_paid_content":false,"footnotes":""},"categories":[9],"tags":[],"class_list":["post-36309","post","type-post","status-publish","format-standard","has-post-thumbnail","hentry","category-salud"],"jetpack_featured_media_url":"https:\/\/encuentroinformativo.com.mx\/wp-content\/uploads\/2023\/02\/IMG_9118.jpg","jetpack_sharing_enabled":true,"jetpack_likes_enabled":true,"amp_enabled":true,"_links":{"self":[{"href":"https:\/\/encuentroinformativo.com.mx\/index.php?rest_route=\/wp\/v2\/posts\/36309","targetHints":{"allow":["GET"]}}],"collection":[{"href":"https:\/\/encuentroinformativo.com.mx\/index.php?rest_route=\/wp\/v2\/posts"}],"about":[{"href":"https:\/\/encuentroinformativo.com.mx\/index.php?rest_route=\/wp\/v2\/types\/post"}],"author":[{"embeddable":true,"href":"https:\/\/encuentroinformativo.com.mx\/index.php?rest_route=\/wp\/v2\/users\/2476"}],"replies":[{"embeddable":true,"href":"https:\/\/encuentroinformativo.com.mx\/index.php?rest_route=%2Fwp%2Fv2%2Fcomments&post=36309"}],"version-history":[{"count":1,"href":"https:\/\/encuentroinformativo.com.mx\/index.php?rest_route=\/wp\/v2\/posts\/36309\/revisions"}],"predecessor-version":[{"id":36311,"href":"https:\/\/encuentroinformativo.com.mx\/index.php?rest_route=\/wp\/v2\/posts\/36309\/revisions\/36311"}],"wp:featuredmedia":[{"embeddable":true,"href":"https:\/\/encuentroinformativo.com.mx\/index.php?rest_route=\/wp\/v2\/media\/36310"}],"wp:attachment":[{"href":"https:\/\/encuentroinformativo.com.mx\/index.php?rest_route=%2Fwp%2Fv2%2Fmedia&parent=36309"}],"wp:term":[{"taxonomy":"category","embeddable":true,"href":"https:\/\/encuentroinformativo.com.mx\/index.php?rest_route=%2Fwp%2Fv2%2Fcategories&post=36309"},{"taxonomy":"post_tag","embeddable":true,"href":"https:\/\/encuentroinformativo.com.mx\/index.php?rest_route=%2Fwp%2Fv2%2Ftags&post=36309"}],"curies":[{"name":"wp","href":"https:\/\/api.w.org\/{rel}","templated":true}]}}