{"id":36312,"date":"2023-02-03T13:27:00","date_gmt":"2023-02-03T19:27:00","guid":{"rendered":"https:\/\/encuentroinformativo.com.mx\/?p=36312"},"modified":"2023-02-03T13:27:04","modified_gmt":"2023-02-03T19:27:04","slug":"presentan-plan-de-actividades-de-escuela-judicial","status":"publish","type":"post","link":"https:\/\/encuentroinformativo.com.mx\/?p=36312","title":{"rendered":"Presentan Plan de Actividades de Escuela Judicial"},"content":{"rendered":"\n<p>Xalapa, Ver.- Este viernes en el auditorio del Poder Judicial, se realiz\u00f3 la presentaci\u00f3n del Plan Anual de Actividades 2023 de la Escuela Judicial que preside como directora la magistrada, Denisse Uribe Obregon, al evento asisti\u00f3 la magistrada presidenta Lisbeth Aurelia Jim\u00e9nez Aguirre adem\u00e1s de invitados especiales.<\/p>\n\n\n\n<figure class=\"wp-block-image size-large\"><img loading=\"lazy\" decoding=\"async\" width=\"1024\" height=\"683\" src=\"https:\/\/encuentroinformativo.com.mx\/wp-content\/uploads\/2023\/02\/Photo_1675452183914-1024x683.jpg\" alt=\"\" class=\"wp-image-36314\" srcset=\"https:\/\/encuentroinformativo.com.mx\/wp-content\/uploads\/2023\/02\/Photo_1675452183914-1024x683.jpg 1024w, https:\/\/encuentroinformativo.com.mx\/wp-content\/uploads\/2023\/02\/Photo_1675452183914-300x200.jpg 300w, https:\/\/encuentroinformativo.com.mx\/wp-content\/uploads\/2023\/02\/Photo_1675452183914-768x512.jpg 768w, https:\/\/encuentroinformativo.com.mx\/wp-content\/uploads\/2023\/02\/Photo_1675452183914-1536x1024.jpg 1536w, https:\/\/encuentroinformativo.com.mx\/wp-content\/uploads\/2023\/02\/Photo_1675452183914.jpg 1968w\" sizes=\"auto, (max-width: 1024px) 100vw, 1024px\" \/><\/figure>\n","protected":false},"excerpt":{"rendered":"<p>Xalapa, Ver.- Este viernes en el auditorio del Poder Judicial, se realiz\u00f3 la presentaci\u00f3n del Plan Anual de Actividades 2023 de la Escuela Judicial que preside como directora la magistrada, Denisse Uribe Obregon, al evento asisti\u00f3 la magistrada presidenta Lisbeth Aurelia Jim\u00e9nez Aguirre adem\u00e1s de invitados especiales.<\/p>\n","protected":false},"author":2476,"featured_media":36313,"comment_status":"open","ping_status":"open","sticky":false,"template":"","format":"standard","meta":{"_jetpack_memberships_contains_paid_content":false,"footnotes":""},"categories":[2],"tags":[],"class_list":["post-36312","post","type-post","status-publish","format-standard","has-post-thumbnail","hentry","category-estado"],"jetpack_featured_media_url":"https:\/\/encuentroinformativo.com.mx\/wp-content\/uploads\/2023\/02\/Photo_1675452133033.jpg","jetpack_sharing_enabled":true,"jetpack_likes_enabled":true,"amp_enabled":true,"_links":{"self":[{"href":"https:\/\/encuentroinformativo.com.mx\/index.php?rest_route=\/wp\/v2\/posts\/36312","targetHints":{"allow":["GET"]}}],"collection":[{"href":"https:\/\/encuentroinformativo.com.mx\/index.php?rest_route=\/wp\/v2\/posts"}],"about":[{"href":"https:\/\/encuentroinformativo.com.mx\/index.php?rest_route=\/wp\/v2\/types\/post"}],"author":[{"embeddable":true,"href":"https:\/\/encuentroinformativo.com.mx\/index.php?rest_route=\/wp\/v2\/users\/2476"}],"replies":[{"embeddable":true,"href":"https:\/\/encuentroinformativo.com.mx\/index.php?rest_route=%2Fwp%2Fv2%2Fcomments&post=36312"}],"version-history":[{"count":1,"href":"https:\/\/encuentroinformativo.com.mx\/index.php?rest_route=\/wp\/v2\/posts\/36312\/revisions"}],"predecessor-version":[{"id":36315,"href":"https:\/\/encuentroinformativo.com.mx\/index.php?rest_route=\/wp\/v2\/posts\/36312\/revisions\/36315"}],"wp:featuredmedia":[{"embeddable":true,"href":"https:\/\/encuentroinformativo.com.mx\/index.php?rest_route=\/wp\/v2\/media\/36313"}],"wp:attachment":[{"href":"https:\/\/encuentroinformativo.com.mx\/index.php?rest_route=%2Fwp%2Fv2%2Fmedia&parent=36312"}],"wp:term":[{"taxonomy":"category","embeddable":true,"href":"https:\/\/encuentroinformativo.com.mx\/index.php?rest_route=%2Fwp%2Fv2%2Fcategories&post=36312"},{"taxonomy":"post_tag","embeddable":true,"href":"https:\/\/encuentroinformativo.com.mx\/index.php?rest_route=%2Fwp%2Fv2%2Ftags&post=36312"}],"curies":[{"name":"wp","href":"https:\/\/api.w.org\/{rel}","templated":true}]}}