{"id":36316,"date":"2023-02-03T13:47:49","date_gmt":"2023-02-03T19:47:49","guid":{"rendered":"https:\/\/encuentroinformativo.com.mx\/?p=36316"},"modified":"2023-02-03T13:47:53","modified_gmt":"2023-02-03T19:47:53","slug":"desconfian-xalapenos-de-vacuna-abdala","status":"publish","type":"post","link":"https:\/\/encuentroinformativo.com.mx\/?p=36316","title":{"rendered":"Desconf\u00edan xalape\u00f1os de vacuna Abdala"},"content":{"rendered":"\n<p><strong>Juan Arcos <\/strong><\/p>\n\n\n\n<p>Xalapa, Ver.- El m\u00f3dulo de vacunaci\u00f3n contra Sars-Cov2 (Covid-19) del centro de salud \u201cDoctor Gast\u00f3n Melo\u201d, ubicado en la zona centro de esta ciudad de Xalapa, luce vac\u00edo.<\/p>\n\n\n\n<p>Pocas personas acuden a inocularse con el biol\u00f3gico cubano Abdala por desconfianza y temor a que no sean protegidos contra esta enfermedad mortal.<\/p>\n\n\n\n<p>En un sondeo, se constat\u00f3 que personas de entre 20 y 45 a\u00f1os muestran poco inter\u00e9s en la aplicaci\u00f3n de un refuerzo contra el coronavirus.<br>Algunos de ellos, dijeron desconocer el origen de la vacuna Abdala y la pol\u00e9mica nacional que ha generado su aplicaci\u00f3n en las \u00faltimas semanas.<\/p>\n\n\n\n<p>\u201cLa verdad no ten\u00eda conocimiento de la vacuna, hay muchas opiniones, dicen que no es factible pero va a depender de la decisi\u00f3n de las personas sobre la aplicaci\u00f3n. Yo no me la pondr\u00eda porque ya estoy vacunado\u201d, expres\u00f3 Manuel Casta\u00f1eda, un universitario.<\/p>\n\n\n\n<p>Otra joven dijo haber escuchado opiniones sobre la presunta falta de efectividad de dicho biol\u00f3gico, situaci\u00f3n que, a su juicio, pudiera influir en la negatividad de las personas hacia el mismo.<\/p>\n\n\n\n<p>\u201cNo tengo mucha informaci\u00f3n sobre la vacuna, tampoco sab\u00eda que estaban aplicando la vacuna cubana en los centros de salud de Xalapa. En lo personal me da igual, pero la gente va a desconfiar independientemente de d\u00f3nde sea la vacuna\u201d, opin\u00f3 Aurora Gonz\u00e1lez, una joven, de 20 a\u00f1os.<\/p>\n\n\n\n<p>El pasado 29 de diciembre, el peri\u00f3dico El Financiero public\u00f3 un documento donde indica que la Organizaci\u00f3n Panamericana de la Salud (OPS) comprob\u00f3 que la vacuna cubana Abdala tiene hasta un 92.8 por ciento de efectividad y que no es eficaz contra algunas variantes de Covid-19.<\/p>\n\n\n\n<p>Los xalape\u00f1os mencionaron que conf\u00edan mayormente en las vacunas de farmac\u00e9uticas norteamericanas, como Pfizer y AstraZeneca.<\/p>\n\n\n\n<p>Adem\u00e1s, lamentaron que actualmente no haya estas vacunas en los centros de salud de la entidad.<\/p>\n\n\n\n<p>&#8220;Yo no me la pondr\u00eda, no creo que sea necesaria, no conf\u00edo en esa vacuna, ya le he puesto dos vacunas. Tambi\u00e9n me ha dado calentura en cada aplicaci\u00f3n\u201d, enfatiz\u00f3 Jessica \u00c1lcantara, una madre de familia.<\/p>\n\n\n\n<p>Cabe recordar que las autoridades sanitarias anunciaron previamente que del 30 de enero a este 3 de febrero se estar\u00eda aplicando la vacuna Abdala en los centros de salud de Xalapa y otros municipios, en un horario de ocho de la ma\u00f1ana a dos de la tarde.<\/p>\n","protected":false},"excerpt":{"rendered":"<p>Juan Arcos Xalapa, Ver.- El m\u00f3dulo de vacunaci\u00f3n contra Sars-Cov2 (Covid-19) del centro de salud \u201cDoctor Gast\u00f3n Melo\u201d, ubicado en la zona centro de esta ciudad de Xalapa, luce vac\u00edo. Pocas personas acuden a inocularse con el biol\u00f3gico cubano Abdala por desconfianza y temor a que no sean protegidos contra esta enfermedad mortal. En un [&hellip;]<\/p>\n","protected":false},"author":2476,"featured_media":36317,"comment_status":"open","ping_status":"open","sticky":false,"template":"","format":"standard","meta":{"_jetpack_memberships_contains_paid_content":false,"footnotes":""},"categories":[9],"tags":[],"class_list":["post-36316","post","type-post","status-publish","format-standard","has-post-thumbnail","hentry","category-salud"],"jetpack_featured_media_url":"https:\/\/encuentroinformativo.com.mx\/wp-content\/uploads\/2023\/02\/IMG_1526.jpg","jetpack_sharing_enabled":true,"jetpack_likes_enabled":true,"amp_enabled":true,"_links":{"self":[{"href":"https:\/\/encuentroinformativo.com.mx\/index.php?rest_route=\/wp\/v2\/posts\/36316","targetHints":{"allow":["GET"]}}],"collection":[{"href":"https:\/\/encuentroinformativo.com.mx\/index.php?rest_route=\/wp\/v2\/posts"}],"about":[{"href":"https:\/\/encuentroinformativo.com.mx\/index.php?rest_route=\/wp\/v2\/types\/post"}],"author":[{"embeddable":true,"href":"https:\/\/encuentroinformativo.com.mx\/index.php?rest_route=\/wp\/v2\/users\/2476"}],"replies":[{"embeddable":true,"href":"https:\/\/encuentroinformativo.com.mx\/index.php?rest_route=%2Fwp%2Fv2%2Fcomments&post=36316"}],"version-history":[{"count":1,"href":"https:\/\/encuentroinformativo.com.mx\/index.php?rest_route=\/wp\/v2\/posts\/36316\/revisions"}],"predecessor-version":[{"id":36318,"href":"https:\/\/encuentroinformativo.com.mx\/index.php?rest_route=\/wp\/v2\/posts\/36316\/revisions\/36318"}],"wp:featuredmedia":[{"embeddable":true,"href":"https:\/\/encuentroinformativo.com.mx\/index.php?rest_route=\/wp\/v2\/media\/36317"}],"wp:attachment":[{"href":"https:\/\/encuentroinformativo.com.mx\/index.php?rest_route=%2Fwp%2Fv2%2Fmedia&parent=36316"}],"wp:term":[{"taxonomy":"category","embeddable":true,"href":"https:\/\/encuentroinformativo.com.mx\/index.php?rest_route=%2Fwp%2Fv2%2Fcategories&post=36316"},{"taxonomy":"post_tag","embeddable":true,"href":"https:\/\/encuentroinformativo.com.mx\/index.php?rest_route=%2Fwp%2Fv2%2Ftags&post=36316"}],"curies":[{"name":"wp","href":"https:\/\/api.w.org\/{rel}","templated":true}]}}