{"id":36336,"date":"2023-02-04T14:15:44","date_gmt":"2023-02-04T20:15:44","guid":{"rendered":"https:\/\/encuentroinformativo.com.mx\/?p=36336"},"modified":"2023-02-04T14:15:48","modified_gmt":"2023-02-04T20:15:48","slug":"promueven-colecta-de-tapitas-para-apoyar-a-pacientes-con-cancer","status":"publish","type":"post","link":"https:\/\/encuentroinformativo.com.mx\/?p=36336","title":{"rendered":"Promueven colecta de tapitas, para apoyar a pacientes con c\u00e1ncer"},"content":{"rendered":"\n<p><strong>Dario Pale<\/strong> <\/p>\n\n\n\n<p>Xalapa,Ver.- La maestra Yolanda Rend\u00f3n Hern\u00e1ndez integrante del Partido de la Revoluci\u00f3n Democr\u00e1tica (PRD), dio a conocer que lamentablemente Veracruz ocupa los primeros lugares a nivel nacional en enfermos de c\u00e1ncer seg\u00fan los datos del INEGI.<\/p>\n\n\n\n<p>Entrevistada durante la colecta de &#8220;tapitas&#8221;, se\u00f1al\u00f3 que hicieron un convenio con el banco de tapitas la cual hace una recolecci\u00f3n desde hace mucho tiempo para apoyar a los ni\u00f1os con c\u00e1ncer.<\/p>\n\n\n\n<p>El convenio es para que la gente haga conciencia de que con poco se puede hacer mucho para apoyar a los dem\u00e1s,coment\u00f3 que muchas veces tiran los envases con la tapa de todo tipo y eso es un doble beneficio ya que se cuida al medio ambiente y se apoya a los ni\u00f1os con c\u00e1ncer.<\/p>\n\n\n\n<p>Dio a conocer que hay familias que tienen pacientes en el CECAN y les solicitan el apoyo por lo que ellos hacen la colecta y se los entregan para que puedan recibir el beneficio de las atenciones que requieren.<\/p>\n\n\n\n<p>Record\u00f3 que hoy es el d\u00eda mundial del c\u00e1ncer, y desafortunadamente el estado de Veracruz ocupa los primeros lugares seg\u00fan los datos de INEGI, est\u00e1 en el cuarto lugar, lo cual les preocupa ya que como madre de familia para atender el incremento de esta enfermedad.<\/p>\n\n\n\n<p>&#8220;El c\u00e1ncer es un problema muy grave y que los medicamentos son muy caros, es un tratamiento muy largo, entonces s\u00ed podemos hacer algo como personas como ciudadanos de apoyar al otro y esa es una forma, por eso tratamos de hacer conciencia&#8221;, se\u00f1al\u00f3.<\/p>\n\n\n\n<p>Son voluntarios que quieren apoyar recolectando las tapas, por lo que no hay ning\u00fan espacio que este de m\u00e1s, al contrario necesitan m\u00e1s persona que hagan conciencia, por lo que los s\u00e1bados se colocan de 10:00 a 16:00 horas en los Lagos.<\/p>\n\n\n\n<p>Finalmente record\u00f3 que el 15 de febrero es el d\u00eda internacional del c\u00e1ncer infantil, tambi\u00e9n van a recolectar trajes de princesas y de superh\u00e9roes para las ni\u00f1os y ni\u00f1os, y que si alguien tiene un traje que utiliz\u00f3 su hija no en una fiesta y ya no lo ocupa lo puede donar.<\/p>\n","protected":false},"excerpt":{"rendered":"<p>Dario Pale Xalapa,Ver.- La maestra Yolanda Rend\u00f3n Hern\u00e1ndez integrante del Partido de la Revoluci\u00f3n Democr\u00e1tica (PRD), dio a conocer que lamentablemente Veracruz ocupa los primeros lugares a nivel nacional en enfermos de c\u00e1ncer seg\u00fan los datos del INEGI. Entrevistada durante la colecta de &#8220;tapitas&#8221;, se\u00f1al\u00f3 que hicieron un convenio con el banco de tapitas la [&hellip;]<\/p>\n","protected":false},"author":2476,"featured_media":36337,"comment_status":"open","ping_status":"open","sticky":false,"template":"","format":"standard","meta":{"_jetpack_memberships_contains_paid_content":false,"footnotes":""},"categories":[9],"tags":[],"class_list":["post-36336","post","type-post","status-publish","format-standard","has-post-thumbnail","hentry","category-salud"],"jetpack_featured_media_url":"https:\/\/encuentroinformativo.com.mx\/wp-content\/uploads\/2023\/02\/IMG-20230204-WA00182.jpg","jetpack_sharing_enabled":true,"jetpack_likes_enabled":true,"amp_enabled":true,"_links":{"self":[{"href":"https:\/\/encuentroinformativo.com.mx\/index.php?rest_route=\/wp\/v2\/posts\/36336","targetHints":{"allow":["GET"]}}],"collection":[{"href":"https:\/\/encuentroinformativo.com.mx\/index.php?rest_route=\/wp\/v2\/posts"}],"about":[{"href":"https:\/\/encuentroinformativo.com.mx\/index.php?rest_route=\/wp\/v2\/types\/post"}],"author":[{"embeddable":true,"href":"https:\/\/encuentroinformativo.com.mx\/index.php?rest_route=\/wp\/v2\/users\/2476"}],"replies":[{"embeddable":true,"href":"https:\/\/encuentroinformativo.com.mx\/index.php?rest_route=%2Fwp%2Fv2%2Fcomments&post=36336"}],"version-history":[{"count":1,"href":"https:\/\/encuentroinformativo.com.mx\/index.php?rest_route=\/wp\/v2\/posts\/36336\/revisions"}],"predecessor-version":[{"id":36338,"href":"https:\/\/encuentroinformativo.com.mx\/index.php?rest_route=\/wp\/v2\/posts\/36336\/revisions\/36338"}],"wp:featuredmedia":[{"embeddable":true,"href":"https:\/\/encuentroinformativo.com.mx\/index.php?rest_route=\/wp\/v2\/media\/36337"}],"wp:attachment":[{"href":"https:\/\/encuentroinformativo.com.mx\/index.php?rest_route=%2Fwp%2Fv2%2Fmedia&parent=36336"}],"wp:term":[{"taxonomy":"category","embeddable":true,"href":"https:\/\/encuentroinformativo.com.mx\/index.php?rest_route=%2Fwp%2Fv2%2Fcategories&post=36336"},{"taxonomy":"post_tag","embeddable":true,"href":"https:\/\/encuentroinformativo.com.mx\/index.php?rest_route=%2Fwp%2Fv2%2Ftags&post=36336"}],"curies":[{"name":"wp","href":"https:\/\/api.w.org\/{rel}","templated":true}]}}