{"id":3634,"date":"2020-06-25T17:18:46","date_gmt":"2020-06-25T22:18:46","guid":{"rendered":"https:\/\/encuentroinformativo.com\/?p=3634"},"modified":"2020-06-25T17:19:16","modified_gmt":"2020-06-25T22:19:16","slug":"desbordamientos-afectaron-vialidades-en-coatepec","status":"publish","type":"post","link":"https:\/\/encuentroinformativo.com.mx\/?p=3634","title":{"rendered":"Desbordamientos afectaron vialidades en Coatepec"},"content":{"rendered":"\n<p><strong>Juan Arcos <\/strong><\/p>\n\n\n\n<p>Coatepec, Ver.- Personal de Protecci\u00f3n Civil del ayuntamiento de Coatepec report\u00f3 que el r\u00edo Sordo sali\u00f3 de su cauce por las fuertes lluvias registradas durante los \u00faltimos dos d\u00edas.<\/p>\n\n\n\n<p>Dicha situaci\u00f3n afect\u00f3 parcialmente la circulaci\u00f3n vial en la comunidad de Pacho Viejo; sin embargo, \u00e9sta se restableci\u00f3 cuando dej\u00f3 de llover.<\/p>\n\n\n\n<p>Lo mismo ocurri\u00f3 en un riachuelo que cruza la colonia L\u00e1zaro C\u00e1rdenas, donde s\u00ed hubo afectaciones m\u00ednimas a algunas viviendas.<\/p>\n\n\n\n<p>El agua tambi\u00e9n subi\u00f3 de manera notoria en la zona del puente de La Granja, mismo que conecta al barrio de San Miguel con la calle 5 de Mayo, una de las principales en el Pueblo M\u00e1gico.<\/p>\n\n\n\n<p>Los rescatistas tambi\u00e9n atendieron reportes por anegamientos en cinco viviendas. Se trat\u00f3 de encharcamientos \u201cleves\u201d en casas de las colonias L\u00e1zaro C\u00e1rdenas y Plan de la Cruz.<\/p>\n\n\n\n<p>Protecci\u00f3n Civil municipal tambi\u00e9n recibi\u00f3 reportes por dos deslaves en el municipio de Coatepec.<\/p>\n\n\n\n<p>Uno ocurri\u00f3 en la carretera antigua, a la altura del Instituto de Ecolog\u00eda (Inecol), y otro sobre el libramiento, situaci\u00f3n que fue atendida por dicha \u00e1rea del ayuntamiento.<\/p>\n\n\n\n<p>Cabe mencionar que se tienen pronosticadas m\u00e1s fuertes lluvias en la regi\u00f3n, durante las siguientes horas.<\/p>\n\n\n\n<p><\/p>\n","protected":false},"excerpt":{"rendered":"<p>Juan Arcos Coatepec, Ver.- Personal de Protecci\u00f3n Civil del ayuntamiento de Coatepec report\u00f3 que el r\u00edo Sordo sali\u00f3 de su cauce por las fuertes lluvias registradas durante los \u00faltimos dos d\u00edas. Dicha situaci\u00f3n afect\u00f3 parcialmente la circulaci\u00f3n vial en la comunidad de Pacho Viejo; sin embargo, \u00e9sta se restableci\u00f3 cuando dej\u00f3 de llover. Lo mismo [&hellip;]<\/p>\n","protected":false},"author":1,"featured_media":3635,"comment_status":"open","ping_status":"open","sticky":false,"template":"","format":"standard","meta":{"_jetpack_memberships_contains_paid_content":false,"footnotes":""},"categories":[8],"tags":[],"class_list":["post-3634","post","type-post","status-publish","format-standard","has-post-thumbnail","hentry","category-region"],"jetpack_featured_media_url":"https:\/\/encuentroinformativo.com.mx\/wp-content\/uploads\/2020\/06\/6438DCB0-7E46-49D9-8CDE-D2E55226D0D7.jpeg","jetpack_sharing_enabled":true,"jetpack_likes_enabled":true,"amp_enabled":true,"_links":{"self":[{"href":"https:\/\/encuentroinformativo.com.mx\/index.php?rest_route=\/wp\/v2\/posts\/3634","targetHints":{"allow":["GET"]}}],"collection":[{"href":"https:\/\/encuentroinformativo.com.mx\/index.php?rest_route=\/wp\/v2\/posts"}],"about":[{"href":"https:\/\/encuentroinformativo.com.mx\/index.php?rest_route=\/wp\/v2\/types\/post"}],"author":[{"embeddable":true,"href":"https:\/\/encuentroinformativo.com.mx\/index.php?rest_route=\/wp\/v2\/users\/1"}],"replies":[{"embeddable":true,"href":"https:\/\/encuentroinformativo.com.mx\/index.php?rest_route=%2Fwp%2Fv2%2Fcomments&post=3634"}],"version-history":[{"count":1,"href":"https:\/\/encuentroinformativo.com.mx\/index.php?rest_route=\/wp\/v2\/posts\/3634\/revisions"}],"predecessor-version":[{"id":3636,"href":"https:\/\/encuentroinformativo.com.mx\/index.php?rest_route=\/wp\/v2\/posts\/3634\/revisions\/3636"}],"wp:featuredmedia":[{"embeddable":true,"href":"https:\/\/encuentroinformativo.com.mx\/index.php?rest_route=\/wp\/v2\/media\/3635"}],"wp:attachment":[{"href":"https:\/\/encuentroinformativo.com.mx\/index.php?rest_route=%2Fwp%2Fv2%2Fmedia&parent=3634"}],"wp:term":[{"taxonomy":"category","embeddable":true,"href":"https:\/\/encuentroinformativo.com.mx\/index.php?rest_route=%2Fwp%2Fv2%2Fcategories&post=3634"},{"taxonomy":"post_tag","embeddable":true,"href":"https:\/\/encuentroinformativo.com.mx\/index.php?rest_route=%2Fwp%2Fv2%2Ftags&post=3634"}],"curies":[{"name":"wp","href":"https:\/\/api.w.org\/{rel}","templated":true}]}}