{"id":36350,"date":"2023-02-05T13:07:39","date_gmt":"2023-02-05T19:07:39","guid":{"rendered":"https:\/\/encuentroinformativo.com.mx\/?p=36350"},"modified":"2023-02-05T13:07:43","modified_gmt":"2023-02-05T19:07:43","slug":"acusan-ejidatarios-favoritismo-en-delegacion-del-ran","status":"publish","type":"post","link":"https:\/\/encuentroinformativo.com.mx\/?p=36350","title":{"rendered":"Acusan ejidatarios &#8220;favoritismo&#8221; en delegaci\u00f3n del RAN"},"content":{"rendered":"\n<p><strong>Juan Arcos <\/strong><\/p>\n\n\n\n<p>Xalapa, Ver.- Javier Sandoval Garc\u00eda, delegado del Registro Agrario Nacional (RAN) en Veracruz, es \u201cfavoritista\u201d en la atenci\u00f3n que brinda a los ejidatarios y comuneros, dando prioridad a pobladores del municipio de Perote, acusaron algunos usuarios.<\/p>\n\n\n\n<p>Por este motivo, no se descarta que haya manifestaciones por parte de estas personas inconformes para exigir que haya un trato igualitario, pues consideran que podr\u00eda haber actos de corrupci\u00f3n en la dependencia.<\/p>\n\n\n\n<p>De acuerdo con la abogada agraria Mar\u00eda de Jes\u00fas Ju\u00e1rez Godoy, decenas de usuarios, que han permanecido formados durante horas y que han tenido que viajar varias veces desde sus lugares de origen hasta las oficinas del RAN en Xalapa, denunciaron que el trato recibido ha sido injusto.<\/p>\n\n\n\n<p>\u201cSe apersonaron casi un centenar de sujetos agrarios, todos de Perote, que fueron trasladados en autobuses de la l\u00ednea AU, lo que resulta curioso fue la atenci\u00f3n prioritaria y especial que el ingeniero Javier Sandoval Garc\u00eda brind\u00f3 a estos sujetos agrarios\u201d, expres\u00f3.<\/p>\n\n\n\n<p>Los ejidatarios de Perote fueron atendidos, sin hacer fila y primero que toda la gente que ha sacado citas desde hace dos y tres meses.<\/p>\n\n\n\n<p>Los comuneros han exigido varias veces la apertura de m\u00f3dulos del RAN en diversos municipios para agilizar los tr\u00e1mites correspondientes; sin embargo, han sido ignorados .<\/p>\n\n\n\n<p>Adem\u00e1s, se sabe que abrir\u00e1n oficinas del RAN en la ciudad de Perote, lo que causa dudas en cuanto a la operaci\u00f3n de las mismas, pues no hay convenios de la dependencia federal con gobiernos locales para tal cometido.<\/p>\n\n\n\n<p>\u201c\u00bfCu\u00e1l es el origen para \u00e9l establecimiento de ese m\u00f3dulo en Perote y para la coordinaci\u00f3n directa del mismo por parte del Registro Agrario Nacional?\u201d, cuestion\u00f3 la representante de ejidatarios.<\/p>\n\n\n\n<p>Cabe recordar que las quejas contra los directivos del RAN han sido constantes en las oficinas que se encuentran sobre la avenida Rebsamen, en esta ciudad de Xalapa.<\/p>\n","protected":false},"excerpt":{"rendered":"<p>Juan Arcos Xalapa, Ver.- Javier Sandoval Garc\u00eda, delegado del Registro Agrario Nacional (RAN) en Veracruz, es \u201cfavoritista\u201d en la atenci\u00f3n que brinda a los ejidatarios y comuneros, dando prioridad a pobladores del municipio de Perote, acusaron algunos usuarios. Por este motivo, no se descarta que haya manifestaciones por parte de estas personas inconformes para exigir [&hellip;]<\/p>\n","protected":false},"author":2476,"featured_media":36351,"comment_status":"open","ping_status":"open","sticky":false,"template":"","format":"standard","meta":{"_jetpack_memberships_contains_paid_content":false,"footnotes":""},"categories":[2],"tags":[],"class_list":["post-36350","post","type-post","status-publish","format-standard","has-post-thumbnail","hentry","category-estado"],"jetpack_featured_media_url":"https:\/\/encuentroinformativo.com.mx\/wp-content\/uploads\/2023\/02\/IMG_1946.jpg","jetpack_sharing_enabled":true,"jetpack_likes_enabled":true,"amp_enabled":true,"_links":{"self":[{"href":"https:\/\/encuentroinformativo.com.mx\/index.php?rest_route=\/wp\/v2\/posts\/36350","targetHints":{"allow":["GET"]}}],"collection":[{"href":"https:\/\/encuentroinformativo.com.mx\/index.php?rest_route=\/wp\/v2\/posts"}],"about":[{"href":"https:\/\/encuentroinformativo.com.mx\/index.php?rest_route=\/wp\/v2\/types\/post"}],"author":[{"embeddable":true,"href":"https:\/\/encuentroinformativo.com.mx\/index.php?rest_route=\/wp\/v2\/users\/2476"}],"replies":[{"embeddable":true,"href":"https:\/\/encuentroinformativo.com.mx\/index.php?rest_route=%2Fwp%2Fv2%2Fcomments&post=36350"}],"version-history":[{"count":1,"href":"https:\/\/encuentroinformativo.com.mx\/index.php?rest_route=\/wp\/v2\/posts\/36350\/revisions"}],"predecessor-version":[{"id":36352,"href":"https:\/\/encuentroinformativo.com.mx\/index.php?rest_route=\/wp\/v2\/posts\/36350\/revisions\/36352"}],"wp:featuredmedia":[{"embeddable":true,"href":"https:\/\/encuentroinformativo.com.mx\/index.php?rest_route=\/wp\/v2\/media\/36351"}],"wp:attachment":[{"href":"https:\/\/encuentroinformativo.com.mx\/index.php?rest_route=%2Fwp%2Fv2%2Fmedia&parent=36350"}],"wp:term":[{"taxonomy":"category","embeddable":true,"href":"https:\/\/encuentroinformativo.com.mx\/index.php?rest_route=%2Fwp%2Fv2%2Fcategories&post=36350"},{"taxonomy":"post_tag","embeddable":true,"href":"https:\/\/encuentroinformativo.com.mx\/index.php?rest_route=%2Fwp%2Fv2%2Ftags&post=36350"}],"curies":[{"name":"wp","href":"https:\/\/api.w.org\/{rel}","templated":true}]}}