{"id":36359,"date":"2023-02-05T14:46:34","date_gmt":"2023-02-05T20:46:34","guid":{"rendered":"https:\/\/encuentroinformativo.com.mx\/?p=36359"},"modified":"2023-02-05T14:46:38","modified_gmt":"2023-02-05T20:46:38","slug":"realizan-protesta-en-defensa-del-ine","status":"publish","type":"post","link":"https:\/\/encuentroinformativo.com.mx\/?p=36359","title":{"rendered":"Realizan protesta en defensa del INE"},"content":{"rendered":"\n<p><strong>Juan Arcos <\/strong><\/p>\n\n\n\n<p>Xalapa, Ver.- Un peque\u00f1o grupo de ciudadanas y ciudadanos protest\u00f3 frente a Palacio de Gobierno, en defensa del Instituto Nacional Electoral (INE) y de la Constituci\u00f3n Pol\u00edtica de los Estados Unidos Mexicanos.<\/p>\n\n\n\n<p>Las personas se plantaron sobre las escalinatas de la Catedral Metropolitana de Xalapa para recordar que varios veracruzanos trabajaron en la elaboraci\u00f3n del texto que fue promulgado el 5 de febrero de 1917 en la ciudad de Quer\u00e9taro.<\/p>\n\n\n\n<p>De acuerdo con Juan Mart\u00ednez, uno de los manifestantes, estas acciones se llevaron a cabo durante el aniversario de la Constituci\u00f3n de 1917 para recordar la importante participaci\u00f3n de veracruzanos en la construcci\u00f3n de la Carta Magna.<\/p>\n\n\n\n<p>El entrevistado detall\u00f3 que destaca la participaci\u00f3n del general Heriberto Jara Corona y varios legisladores m\u00e1s, cuyo legado sigue vigente a 106 a\u00f1os de su promulgaci\u00f3n en los art\u00edculos 3\u00ba, 27 y 123.<\/p>\n\n\n\n<p>Mencion\u00f3 que Heriberto Jara Corona, luch\u00f3 por el art\u00edculo 115 que norma la funci\u00f3n del municipio libre, \u00e9l dec\u00eda que no pod\u00eda haber libertad en los municipios sin el debido financiamiento.<\/p>\n\n\n\n<p>&#8220;Es aqu\u00ed que cuando el legado del general Heriberto Jara Corona nos debe guiar a los veracruzanos para recordar que todas estas instituciones que cuidan derechos humanos fundamentales en nuestro pa\u00eds, deber\u00edan ser cuidadas; entonces parece que seamos pocos en realidad sabemos que pues es una herencia que nos heredaron y que debemos defender\u201d, expres\u00f3.<\/p>\n\n\n\n<p>El entrevistado se\u00f1al\u00f3 que hay instituciones electorales, de ciencia y de salud que est\u00e1n en peligro por falta de financiamiento gubernamental.<\/p>\n\n\n\n<p>Juan Mart\u00ednez indic\u00f3 que forma parte de una coalici\u00f3n integrada por varias organizaciones, mismas que anunciaron una marcha en defensa del INE el pr\u00f3ximo 26 de febrero.<\/p>\n","protected":false},"excerpt":{"rendered":"<p>Juan Arcos Xalapa, Ver.- Un peque\u00f1o grupo de ciudadanas y ciudadanos protest\u00f3 frente a Palacio de Gobierno, en defensa del Instituto Nacional Electoral (INE) y de la Constituci\u00f3n Pol\u00edtica de los Estados Unidos Mexicanos. Las personas se plantaron sobre las escalinatas de la Catedral Metropolitana de Xalapa para recordar que varios veracruzanos trabajaron en la [&hellip;]<\/p>\n","protected":false},"author":2476,"featured_media":36360,"comment_status":"open","ping_status":"open","sticky":false,"template":"","format":"standard","meta":{"_jetpack_memberships_contains_paid_content":false,"footnotes":""},"categories":[3],"tags":[],"class_list":["post-36359","post","type-post","status-publish","format-standard","has-post-thumbnail","hentry","category-xalapa"],"jetpack_featured_media_url":"https:\/\/encuentroinformativo.com.mx\/wp-content\/uploads\/2023\/02\/8905a4af-47c1-4496-9120-6f2e5479e1e52.jpg","jetpack_sharing_enabled":true,"jetpack_likes_enabled":true,"amp_enabled":true,"_links":{"self":[{"href":"https:\/\/encuentroinformativo.com.mx\/index.php?rest_route=\/wp\/v2\/posts\/36359","targetHints":{"allow":["GET"]}}],"collection":[{"href":"https:\/\/encuentroinformativo.com.mx\/index.php?rest_route=\/wp\/v2\/posts"}],"about":[{"href":"https:\/\/encuentroinformativo.com.mx\/index.php?rest_route=\/wp\/v2\/types\/post"}],"author":[{"embeddable":true,"href":"https:\/\/encuentroinformativo.com.mx\/index.php?rest_route=\/wp\/v2\/users\/2476"}],"replies":[{"embeddable":true,"href":"https:\/\/encuentroinformativo.com.mx\/index.php?rest_route=%2Fwp%2Fv2%2Fcomments&post=36359"}],"version-history":[{"count":1,"href":"https:\/\/encuentroinformativo.com.mx\/index.php?rest_route=\/wp\/v2\/posts\/36359\/revisions"}],"predecessor-version":[{"id":36361,"href":"https:\/\/encuentroinformativo.com.mx\/index.php?rest_route=\/wp\/v2\/posts\/36359\/revisions\/36361"}],"wp:featuredmedia":[{"embeddable":true,"href":"https:\/\/encuentroinformativo.com.mx\/index.php?rest_route=\/wp\/v2\/media\/36360"}],"wp:attachment":[{"href":"https:\/\/encuentroinformativo.com.mx\/index.php?rest_route=%2Fwp%2Fv2%2Fmedia&parent=36359"}],"wp:term":[{"taxonomy":"category","embeddable":true,"href":"https:\/\/encuentroinformativo.com.mx\/index.php?rest_route=%2Fwp%2Fv2%2Fcategories&post=36359"},{"taxonomy":"post_tag","embeddable":true,"href":"https:\/\/encuentroinformativo.com.mx\/index.php?rest_route=%2Fwp%2Fv2%2Ftags&post=36359"}],"curies":[{"name":"wp","href":"https:\/\/api.w.org\/{rel}","templated":true}]}}