{"id":3637,"date":"2020-06-25T17:24:42","date_gmt":"2020-06-25T22:24:42","guid":{"rendered":"https:\/\/encuentroinformativo.com\/?p=3637"},"modified":"2020-06-25T17:24:45","modified_gmt":"2020-06-25T22:24:45","slug":"por-deslaves-viviendas-en-riesgo-en-lomas-de-chapultepec","status":"publish","type":"post","link":"https:\/\/encuentroinformativo.com.mx\/?p=3637","title":{"rendered":"Por deslaves, viviendas en riesgo en Lomas de Chapultepec"},"content":{"rendered":"\n<p><strong>Juan Arcos <\/strong><\/p>\n\n\n\n<p>Xalapa, Ver.- Diez viviendas est\u00e1n en riesgo por deslaves en la colonia Lomas de Chapultepec, ubicada en la periferia de la capital del estado.<\/p>\n\n\n\n<p>El reblandecimiento de la tierra por el aguacero del mi\u00e9rcoles, ocasion\u00f3 que la ca\u00edda de un alud de tierra afectara parte esas casas.<\/p>\n\n\n\n<p>Los vecinos de la calle Vicente Su\u00e1rez se apoyaron entre ellos para liberar a quienes hab\u00edan quedado atrapadas entre el lodo. Por las ventanas y azoteas, rescataron a menores de edad.<\/p>\n\n\n\n<p>De acuerdo con los pobladores, las paredes de algunas viviendas resultaron fracturadas por el fuerte impacto del lodo con el inmueble.<\/p>\n\n\n\n<p>Al lugar arrib\u00f3 personal de Protecci\u00f3n Civil, Guardia Nacional y del Ej\u00e9rcito Mexicano para aplicar el Plan DN-III y extraer la tierra de una escalinata, que es el acceso de los vecinos a sus hogares.<\/p>\n\n\n\n<p>Los ciudadanos pidieron el apoyo a las autoridades estatales y municipales para la construcci\u00f3n de muros de contenci\u00f3n y as\u00ed evitar que ocurran m\u00e1s afectaciones por deslaves en la zona.<\/p>\n\n\n\n<p>Al menos 12 vecinos fueron evacuados de la zona, de manera temporal, para evitar p\u00e9rdidas humanas, pues se prev\u00e9n m\u00e1s fuertes lluvias en los pr\u00f3ximos d\u00edas.<\/p>\n\n\n\n<p><\/p>\n","protected":false},"excerpt":{"rendered":"<p>Juan Arcos Xalapa, Ver.- Diez viviendas est\u00e1n en riesgo por deslaves en la colonia Lomas de Chapultepec, ubicada en la periferia de la capital del estado. El reblandecimiento de la tierra por el aguacero del mi\u00e9rcoles, ocasion\u00f3 que la ca\u00edda de un alud de tierra afectara parte esas casas. Los vecinos de la calle Vicente [&hellip;]<\/p>\n","protected":false},"author":1,"featured_media":3638,"comment_status":"open","ping_status":"open","sticky":false,"template":"","format":"standard","meta":{"_jetpack_memberships_contains_paid_content":false,"footnotes":""},"categories":[3],"tags":[],"class_list":["post-3637","post","type-post","status-publish","format-standard","has-post-thumbnail","hentry","category-xalapa"],"jetpack_featured_media_url":"https:\/\/encuentroinformativo.com.mx\/wp-content\/uploads\/2020\/06\/BE37579F-E8FE-4194-8199-623A630D0CB9.jpeg","jetpack_sharing_enabled":true,"jetpack_likes_enabled":true,"amp_enabled":true,"_links":{"self":[{"href":"https:\/\/encuentroinformativo.com.mx\/index.php?rest_route=\/wp\/v2\/posts\/3637","targetHints":{"allow":["GET"]}}],"collection":[{"href":"https:\/\/encuentroinformativo.com.mx\/index.php?rest_route=\/wp\/v2\/posts"}],"about":[{"href":"https:\/\/encuentroinformativo.com.mx\/index.php?rest_route=\/wp\/v2\/types\/post"}],"author":[{"embeddable":true,"href":"https:\/\/encuentroinformativo.com.mx\/index.php?rest_route=\/wp\/v2\/users\/1"}],"replies":[{"embeddable":true,"href":"https:\/\/encuentroinformativo.com.mx\/index.php?rest_route=%2Fwp%2Fv2%2Fcomments&post=3637"}],"version-history":[{"count":1,"href":"https:\/\/encuentroinformativo.com.mx\/index.php?rest_route=\/wp\/v2\/posts\/3637\/revisions"}],"predecessor-version":[{"id":3639,"href":"https:\/\/encuentroinformativo.com.mx\/index.php?rest_route=\/wp\/v2\/posts\/3637\/revisions\/3639"}],"wp:featuredmedia":[{"embeddable":true,"href":"https:\/\/encuentroinformativo.com.mx\/index.php?rest_route=\/wp\/v2\/media\/3638"}],"wp:attachment":[{"href":"https:\/\/encuentroinformativo.com.mx\/index.php?rest_route=%2Fwp%2Fv2%2Fmedia&parent=3637"}],"wp:term":[{"taxonomy":"category","embeddable":true,"href":"https:\/\/encuentroinformativo.com.mx\/index.php?rest_route=%2Fwp%2Fv2%2Fcategories&post=3637"},{"taxonomy":"post_tag","embeddable":true,"href":"https:\/\/encuentroinformativo.com.mx\/index.php?rest_route=%2Fwp%2Fv2%2Ftags&post=3637"}],"curies":[{"name":"wp","href":"https:\/\/api.w.org\/{rel}","templated":true}]}}