{"id":36375,"date":"2023-02-06T11:05:56","date_gmt":"2023-02-06T17:05:56","guid":{"rendered":"https:\/\/encuentroinformativo.com.mx\/?p=36375"},"modified":"2023-02-06T11:05:59","modified_gmt":"2023-02-06T17:05:59","slug":"por-falta-de-recursos-suspenderan-atencion-nocturna-en-cruz-roja-de-poza-rica","status":"publish","type":"post","link":"https:\/\/encuentroinformativo.com.mx\/?p=36375","title":{"rendered":"Por falta de recursos suspender\u00e1n atenci\u00f3n nocturna en Cruz Roja de Poza Rica"},"content":{"rendered":"\n<p><strong>Alejandro \u00c1vila<\/strong><\/p>\n\n\n\n<p>Poza Rica, Ver.- El servicio nocturno de la Cruz Roja en Poza Rica quedar\u00e1 inhabilitado, debido a que no existen recursos para que se realicen labores de atenci\u00f3n a la ciudadan\u00eda, confirm\u00f3 la delegada estatal de la Cruz Roja Mexicana, Mar\u00eda de los \u00c1ngeles Villa de Rodr\u00edguez.<\/p>\n\n\n\n<p>En ese sentido, expuso que a partir de las 18 horas ya no habr\u00e1 servicio de ambulancias ni param\u00e9dicos.<\/p>\n\n\n\n<p>Explic\u00f3 que la ausencia de recursos es uno de los principales obst\u00e1culos con el que se enfrentan para poder brindar el servicio de manera oportuna; mencion\u00f3 que durante&nbsp; la colecta anual del a\u00f1o pasado, solo pudieron recaudar 25 mil pesos de donaciones ciudadanas.&nbsp;<\/p>\n\n\n\n<p>Adem\u00e1s, tambi\u00e9n destac\u00f3 que se dej\u00f3 de contar con el apoyo del Sindicato de Trabajadores Petroleros de la Rep\u00fablica Mexicana (STPRM), y de otras aportaciones que recib\u00edan de otras instancias, mermando con ello los ingresos que la Cruz Roja Mexicana necesita para sobrevivir.&nbsp;<\/p>\n\n\n\n<p>Como resultado se tuvo que cancelar el turno nocturno de atenci\u00f3n pre hospitalaria, por lo que ya no se presta atenci\u00f3n de ambulancias a partir de las 18:00 horas, solo se atienden los llamados de auxilio de 8:00 a 18:00 horas, adem\u00e1s solo se cuenta con cuatro ambulancias.&nbsp;<\/p>\n\n\n\n<p>Luego de este horario las instalaciones de la Cruz Roja Mexicana con sede en esta ciudad, se cierran ya que tampoco se cuenta con el personal suficiente para activar de nuevo este turno, cabe mencionar que la Delegada Estatal no indic\u00f3 cuando podr\u00eda brindarse de nuevo la atenci\u00f3n a la poblaci\u00f3n.<\/p>\n","protected":false},"excerpt":{"rendered":"<p>Alejandro \u00c1vila Poza Rica, Ver.- El servicio nocturno de la Cruz Roja en Poza Rica quedar\u00e1 inhabilitado, debido a que no existen recursos para que se realicen labores de atenci\u00f3n a la ciudadan\u00eda, confirm\u00f3 la delegada estatal de la Cruz Roja Mexicana, Mar\u00eda de los \u00c1ngeles Villa de Rodr\u00edguez. En ese sentido, expuso que a [&hellip;]<\/p>\n","protected":false},"author":2476,"featured_media":36376,"comment_status":"open","ping_status":"open","sticky":false,"template":"","format":"standard","meta":{"_jetpack_memberships_contains_paid_content":false,"footnotes":""},"categories":[2],"tags":[],"class_list":["post-36375","post","type-post","status-publish","format-standard","has-post-thumbnail","hentry","category-estado"],"jetpack_featured_media_url":"https:\/\/encuentroinformativo.com.mx\/wp-content\/uploads\/2023\/02\/IMG-20230206-WA0032.jpg","jetpack_sharing_enabled":true,"jetpack_likes_enabled":true,"amp_enabled":true,"_links":{"self":[{"href":"https:\/\/encuentroinformativo.com.mx\/index.php?rest_route=\/wp\/v2\/posts\/36375","targetHints":{"allow":["GET"]}}],"collection":[{"href":"https:\/\/encuentroinformativo.com.mx\/index.php?rest_route=\/wp\/v2\/posts"}],"about":[{"href":"https:\/\/encuentroinformativo.com.mx\/index.php?rest_route=\/wp\/v2\/types\/post"}],"author":[{"embeddable":true,"href":"https:\/\/encuentroinformativo.com.mx\/index.php?rest_route=\/wp\/v2\/users\/2476"}],"replies":[{"embeddable":true,"href":"https:\/\/encuentroinformativo.com.mx\/index.php?rest_route=%2Fwp%2Fv2%2Fcomments&post=36375"}],"version-history":[{"count":1,"href":"https:\/\/encuentroinformativo.com.mx\/index.php?rest_route=\/wp\/v2\/posts\/36375\/revisions"}],"predecessor-version":[{"id":36377,"href":"https:\/\/encuentroinformativo.com.mx\/index.php?rest_route=\/wp\/v2\/posts\/36375\/revisions\/36377"}],"wp:featuredmedia":[{"embeddable":true,"href":"https:\/\/encuentroinformativo.com.mx\/index.php?rest_route=\/wp\/v2\/media\/36376"}],"wp:attachment":[{"href":"https:\/\/encuentroinformativo.com.mx\/index.php?rest_route=%2Fwp%2Fv2%2Fmedia&parent=36375"}],"wp:term":[{"taxonomy":"category","embeddable":true,"href":"https:\/\/encuentroinformativo.com.mx\/index.php?rest_route=%2Fwp%2Fv2%2Fcategories&post=36375"},{"taxonomy":"post_tag","embeddable":true,"href":"https:\/\/encuentroinformativo.com.mx\/index.php?rest_route=%2Fwp%2Fv2%2Ftags&post=36375"}],"curies":[{"name":"wp","href":"https:\/\/api.w.org\/{rel}","templated":true}]}}