{"id":36383,"date":"2023-02-06T13:03:03","date_gmt":"2023-02-06T19:03:03","guid":{"rendered":"https:\/\/encuentroinformativo.com.mx\/?p=36383"},"modified":"2023-02-06T13:03:06","modified_gmt":"2023-02-06T19:03:06","slug":"aumenta-paso-de-migrantes-por-veracruz","status":"publish","type":"post","link":"https:\/\/encuentroinformativo.com.mx\/?p=36383","title":{"rendered":"Aumenta paso de migrantes por Veracruz"},"content":{"rendered":"\n<p><strong>Juan Arcos <\/strong><\/p>\n\n\n\n<p>Xalapa, Ver.- En el estado de Veracruz se ha incrementado el paso de migrantes centroamericanos en lo que va de este 2024, en comparaci\u00f3n con a\u00f1os anteriores, pues este fen\u00f3meno se hab\u00eda detenido por la pandemia de coronavirus.<\/p>\n\n\n\n<p>De acuerdo con el director general de Atenci\u00f3n a Migrantes en Veracruz, Carlos Enrique Escalante Igual, la entidad ha sido paso de hondure\u00f1os, salvadore\u00f1os y guatemaltecos que viajan hacia Estados Unidos, en busca de oportunidades laborales o que huyen por cuestiones de inseguridad.<\/p>\n\n\n\n<p>\u201cVeracruz siempre ser\u00e1 y ha sido un estado de paso de migrantes centroamericanos, en su mayor\u00eda\u201d, enfatiz\u00f3 el funcionario estatal.<br>En el a\u00f1o 2014, en el tren conocido como \u201cLa Bestia\u201d, viajaban 2 mil migrantes centroamericanos diariamente.<\/p>\n\n\n\n<p>Algunos de ellos se lastimaban por ca\u00eddas y eran atendidos en el albergue de Las Patronas en Amatl\u00e1n de los Reyes, en la regi\u00f3n de las Altas Monta\u00f1as, en la zona centro de Veracruz.<\/p>\n\n\n\n<p>\u201cEs un n\u00famero alt\u00edsimo, casi 750 mil migrantes que pasaban por M\u00e9xico por a\u00f1o, bajo esas condiciones Veracruz ha sido un estado de paso de migrantes, la instrucci\u00f3n del se\u00f1or gobernador Cuitl\u00e1huac Garc\u00eda Jim\u00e9nez siempre ha sido atenderlos, apoyarlos\u201d, expres\u00f3 el funcionario estatal.<\/p>\n\n\n\n<p>Escalante Igual aclar\u00f3 que la dependencia a su cargo no tiene facultades para retener a los extranjeros, como las autoridades migratorias.<\/p>\n\n\n\n<p>&#8220;Por el contrario, nuestra funci\u00f3n es ayudarlos y siempre estar muy al pendiente con el Instituto Nacional de Migraci\u00f3n, con la Secretar\u00eda de Seguridad P\u00fablica, con la Secretar\u00eda de Protecci\u00f3n Civil, Secretar\u00eda de Salud, siempre estar pendientes con ellos porque si requieren ayuda del gobierno del estado se les va a brindar\u201d, a\u00f1adi\u00f3.<\/p>\n\n\n\n<p>El Director General de Atenci\u00f3n a Migrantes en Veracruz indic\u00f3 que en lo que va del a\u00f1o no se han registrado contingencias o accidentes donde se vean afectadas personas migrantes.<\/p>\n\n\n\n<p>\u201cComo ha pasado con algunos camiones, la tristeza que nos pas\u00f3 en San Antonio (donde murieron tres veracruzanos, originarios de Naolinco), pero eso fue en Estados Unidos, pero en el estado de Veracruz no hemos tenido ning\u00fan asunto qu\u00e9 lamentar\u201d, remat\u00f3.<\/p>\n","protected":false},"excerpt":{"rendered":"<p>Juan Arcos Xalapa, Ver.- En el estado de Veracruz se ha incrementado el paso de migrantes centroamericanos en lo que va de este 2024, en comparaci\u00f3n con a\u00f1os anteriores, pues este fen\u00f3meno se hab\u00eda detenido por la pandemia de coronavirus. De acuerdo con el director general de Atenci\u00f3n a Migrantes en Veracruz, Carlos Enrique Escalante [&hellip;]<\/p>\n","protected":false},"author":2476,"featured_media":36384,"comment_status":"open","ping_status":"open","sticky":false,"template":"","format":"standard","meta":{"_jetpack_memberships_contains_paid_content":false,"footnotes":""},"categories":[2],"tags":[],"class_list":["post-36383","post","type-post","status-publish","format-standard","has-post-thumbnail","hentry","category-estado"],"jetpack_featured_media_url":"https:\/\/encuentroinformativo.com.mx\/wp-content\/uploads\/2023\/02\/IMG_3168.jpg","jetpack_sharing_enabled":true,"jetpack_likes_enabled":true,"amp_enabled":true,"_links":{"self":[{"href":"https:\/\/encuentroinformativo.com.mx\/index.php?rest_route=\/wp\/v2\/posts\/36383","targetHints":{"allow":["GET"]}}],"collection":[{"href":"https:\/\/encuentroinformativo.com.mx\/index.php?rest_route=\/wp\/v2\/posts"}],"about":[{"href":"https:\/\/encuentroinformativo.com.mx\/index.php?rest_route=\/wp\/v2\/types\/post"}],"author":[{"embeddable":true,"href":"https:\/\/encuentroinformativo.com.mx\/index.php?rest_route=\/wp\/v2\/users\/2476"}],"replies":[{"embeddable":true,"href":"https:\/\/encuentroinformativo.com.mx\/index.php?rest_route=%2Fwp%2Fv2%2Fcomments&post=36383"}],"version-history":[{"count":1,"href":"https:\/\/encuentroinformativo.com.mx\/index.php?rest_route=\/wp\/v2\/posts\/36383\/revisions"}],"predecessor-version":[{"id":36385,"href":"https:\/\/encuentroinformativo.com.mx\/index.php?rest_route=\/wp\/v2\/posts\/36383\/revisions\/36385"}],"wp:featuredmedia":[{"embeddable":true,"href":"https:\/\/encuentroinformativo.com.mx\/index.php?rest_route=\/wp\/v2\/media\/36384"}],"wp:attachment":[{"href":"https:\/\/encuentroinformativo.com.mx\/index.php?rest_route=%2Fwp%2Fv2%2Fmedia&parent=36383"}],"wp:term":[{"taxonomy":"category","embeddable":true,"href":"https:\/\/encuentroinformativo.com.mx\/index.php?rest_route=%2Fwp%2Fv2%2Fcategories&post=36383"},{"taxonomy":"post_tag","embeddable":true,"href":"https:\/\/encuentroinformativo.com.mx\/index.php?rest_route=%2Fwp%2Fv2%2Ftags&post=36383"}],"curies":[{"name":"wp","href":"https:\/\/api.w.org\/{rel}","templated":true}]}}