{"id":36389,"date":"2023-02-06T13:10:43","date_gmt":"2023-02-06T19:10:43","guid":{"rendered":"https:\/\/encuentroinformativo.com.mx\/?p=36389"},"modified":"2023-02-06T13:10:47","modified_gmt":"2023-02-06T19:10:47","slug":"promueven-el-ciclismo-con-carrera-regional","status":"publish","type":"post","link":"https:\/\/encuentroinformativo.com.mx\/?p=36389","title":{"rendered":"Promueven el ciclismo con carrera regional"},"content":{"rendered":"\n<p><strong>Dar\u00edo Pale <\/strong><\/p>\n\n\n\n<p>Xalapa, Ver.- Invitan a la carrera Epic Bike Serial en la regi\u00f3n de Xalapa, los municipios que participan son Coatepec, Xalapa, Las Vigas y Xico, esto con el objetivo de promover el ciclismo y ser semilleros de futuros atletas, as\u00ed lo se\u00f1al\u00f3 Luis Fernando L\u00f3pez Galicia, director de la Asociaci\u00f3n Civil Physis Ciclovida invit\u00f3 al Epic Bike Serial, que contempla cuatro carreras en la regi\u00f3n de Xalapa.<\/p>\n\n\n\n<p>En conferencia de prensa detall\u00f3 que la primera carrera se llevar\u00e1 a cabo el pr\u00f3ximo 5 de marzo en Coatepec, luego el 30 de abril en Las Vigas, despu\u00e9s Xalapa y al final, Xico.<\/p>\n\n\n\n<p>Al recordar que llevan diez a\u00f1os y se busca la participaci\u00f3n de toda la poblaci\u00f3n, pueden acudir ciclistas de todas las edades, pues habr\u00e1 seguridad para los asistentes.<\/p>\n\n\n\n<p>El registro se puede hacer en la p\u00e1gina Epic Serial Veracruz. Para la primera fecha que ser\u00e1 en Coatepec, se pueden registrar en la p\u00e1gina Tejones MTB, el costo para la primera etapa es de 350 pesos e incluye un jersey, y 400 pesos para la segunda etapa.<\/p>\n\n\n\n<p>Se estima la participaci\u00f3n de entre 450 y 500 ciclistas, adem\u00e1s habr\u00e1 zonas de abastecimiento, al final, en la cuarta carrera que ser\u00e1 en Xico se entregar\u00e1 una bolsa acumulada de 190 mil pesos para quienes hicieron menos tiempo.\u00a0<\/p>\n\n\n\n<p>Por su parte, Alejandro Trujillo, l\u00edder del Grupo Tejones de Coatepec, indic\u00f3 que a ellos les corresponde la primera fecha el 5 de marzo en la localidad de Campo Viejo, la ruta ser\u00e1 de monta\u00f1a, entre cafetales y ca\u00f1ales, la entrega de paquetes ser\u00e1 el 4 de marzo y se har\u00e1n las carreras infantil y juvenil, de 3 a 14 a\u00f1os.<\/p>\n\n\n\n<p>La ruta profesional ser\u00e1 de entre 20 y 40 kil\u00f3metros, dependiendo la categor\u00eda, el horario de salida es a las 8 de la ma\u00f1ana y el tiempo estimado de la carrera es de dos horas para los profesionales y cuatro para los dem\u00e1s.\u00a0<\/p>\n\n\n\n<p>Finalmente, dio a conocer que el objetivo es que el ciclismo de monta\u00f1a en la regi\u00f3n crezca y avance, ya que en ediciones anteriores ha participado gente de Oaxaca, Puebla, Estado de M\u00e9xico, as\u00ed como de diferentes municipios de la entidad veracruzana.<\/p>\n","protected":false},"excerpt":{"rendered":"<p>Dar\u00edo Pale Xalapa, Ver.- Invitan a la carrera Epic Bike Serial en la regi\u00f3n de Xalapa, los municipios que participan son Coatepec, Xalapa, Las Vigas y Xico, esto con el objetivo de promover el ciclismo y ser semilleros de futuros atletas, as\u00ed lo se\u00f1al\u00f3 Luis Fernando L\u00f3pez Galicia, director de la Asociaci\u00f3n Civil Physis Ciclovida [&hellip;]<\/p>\n","protected":false},"author":2476,"featured_media":36390,"comment_status":"open","ping_status":"open","sticky":false,"template":"","format":"standard","meta":{"_jetpack_memberships_contains_paid_content":false,"footnotes":""},"categories":[8],"tags":[],"class_list":["post-36389","post","type-post","status-publish","format-standard","has-post-thumbnail","hentry","category-region"],"jetpack_featured_media_url":"https:\/\/encuentroinformativo.com.mx\/wp-content\/uploads\/2023\/02\/IMG-20230206-WA0051.jpg","jetpack_sharing_enabled":true,"jetpack_likes_enabled":true,"amp_enabled":true,"_links":{"self":[{"href":"https:\/\/encuentroinformativo.com.mx\/index.php?rest_route=\/wp\/v2\/posts\/36389","targetHints":{"allow":["GET"]}}],"collection":[{"href":"https:\/\/encuentroinformativo.com.mx\/index.php?rest_route=\/wp\/v2\/posts"}],"about":[{"href":"https:\/\/encuentroinformativo.com.mx\/index.php?rest_route=\/wp\/v2\/types\/post"}],"author":[{"embeddable":true,"href":"https:\/\/encuentroinformativo.com.mx\/index.php?rest_route=\/wp\/v2\/users\/2476"}],"replies":[{"embeddable":true,"href":"https:\/\/encuentroinformativo.com.mx\/index.php?rest_route=%2Fwp%2Fv2%2Fcomments&post=36389"}],"version-history":[{"count":1,"href":"https:\/\/encuentroinformativo.com.mx\/index.php?rest_route=\/wp\/v2\/posts\/36389\/revisions"}],"predecessor-version":[{"id":36391,"href":"https:\/\/encuentroinformativo.com.mx\/index.php?rest_route=\/wp\/v2\/posts\/36389\/revisions\/36391"}],"wp:featuredmedia":[{"embeddable":true,"href":"https:\/\/encuentroinformativo.com.mx\/index.php?rest_route=\/wp\/v2\/media\/36390"}],"wp:attachment":[{"href":"https:\/\/encuentroinformativo.com.mx\/index.php?rest_route=%2Fwp%2Fv2%2Fmedia&parent=36389"}],"wp:term":[{"taxonomy":"category","embeddable":true,"href":"https:\/\/encuentroinformativo.com.mx\/index.php?rest_route=%2Fwp%2Fv2%2Fcategories&post=36389"},{"taxonomy":"post_tag","embeddable":true,"href":"https:\/\/encuentroinformativo.com.mx\/index.php?rest_route=%2Fwp%2Fv2%2Ftags&post=36389"}],"curies":[{"name":"wp","href":"https:\/\/api.w.org\/{rel}","templated":true}]}}