{"id":36395,"date":"2023-02-06T15:09:02","date_gmt":"2023-02-06T21:09:02","guid":{"rendered":"https:\/\/encuentroinformativo.com.mx\/?p=36395"},"modified":"2023-02-06T15:09:07","modified_gmt":"2023-02-06T21:09:07","slug":"habitantes-inconformes-con-comisariado-ejidal-de-jalcomulco","status":"publish","type":"post","link":"https:\/\/encuentroinformativo.com.mx\/?p=36395","title":{"rendered":"Habitantes inconformes con comisariado ejidal de Jalcomulco"},"content":{"rendered":"\n<p><strong>Juan Arcos <\/strong><\/p>\n\n\n\n<p>Jalcomulco, Ver.- Ejidatarios del municipio de Jalcomulco, ubicado en esta regi\u00f3n capital del estado de Veracruz, est\u00e1n inconformes con la gesti\u00f3n del comisariado ejidal saliente Pedro Quiroga.<\/p>\n\n\n\n<p>Estas personas se concentraron frente a la casa ejidal de la cabecera municipal donde se\u00f1alaron que el comisariado no ha transparentado el corte de caja, pese a que su gesti\u00f3n concluye este lunes 6 de febrero.<\/p>\n\n\n\n<p>De acuerdo con Roque Chivis Contreras, uno de los quejosos y aspirante a tesorero, se exige la rendici\u00f3n de cuentas para evitar malos manejos en el ejercicio de los recursos econ\u00f3micos.<\/p>\n\n\n\n<p>\u201cEstamos un poco inconformes por la situaci\u00f3n de que no nos ha rendido el corte de caja (el actual comisariado ejidal que concluye su gesti\u00f3n)\u201d, expres\u00f3.<\/p>\n\n\n\n<p>Recientemente se lanz\u00f3 una convocatoria para el nombramiento del nuevo comisariado ejidal, que suceder\u00e1 a Pedro Quiroga.<\/p>\n\n\n\n<p>\u201cConforme a la ley agraria s\u00ed le faculta lanzar convocatoria, que es el 16 de febrero, est\u00e1 en tiempo y forma, el problema es que no ha rendido el corte de caja\u201d, insisti\u00f3.<\/p>\n\n\n\n<p>Los comuneros indicaron que no est\u00e1n dispuestos a permitir que se lleven a cabo los cambios de \u00f3rganos ejidales sin que se rindan cuentas por parte de la actual administraci\u00f3n.<\/p>\n\n\n\n<p>&#8220;No lo podemos tolerar. Primero debe ser la rendici\u00f3n de cuentas y luego el cambio de \u00f3rganos ejidales\u201d, enfatiz\u00f3 Roque Chivis.<br>En el municipio de Jalcomulco, ubicado a 42 kil\u00f3metros de distancia de Xalapa, hay 398 ejidatarios reconocidos por las autoridades correspondientes.<\/p>\n\n\n\n<figure class=\"wp-block-image size-large\"><img loading=\"lazy\" decoding=\"async\" width=\"1024\" height=\"766\" src=\"https:\/\/encuentroinformativo.com.mx\/wp-content\/uploads\/2023\/02\/669944b6-5ced-47c5-8575-3af23efcd539-1024x766.jpg\" alt=\"\" class=\"wp-image-36397\" srcset=\"https:\/\/encuentroinformativo.com.mx\/wp-content\/uploads\/2023\/02\/669944b6-5ced-47c5-8575-3af23efcd539-1024x766.jpg 1024w, https:\/\/encuentroinformativo.com.mx\/wp-content\/uploads\/2023\/02\/669944b6-5ced-47c5-8575-3af23efcd539-300x224.jpg 300w, https:\/\/encuentroinformativo.com.mx\/wp-content\/uploads\/2023\/02\/669944b6-5ced-47c5-8575-3af23efcd539-768x575.jpg 768w, https:\/\/encuentroinformativo.com.mx\/wp-content\/uploads\/2023\/02\/669944b6-5ced-47c5-8575-3af23efcd539-1536x1149.jpg 1536w, https:\/\/encuentroinformativo.com.mx\/wp-content\/uploads\/2023\/02\/669944b6-5ced-47c5-8575-3af23efcd539.jpg 1600w\" sizes=\"auto, (max-width: 1024px) 100vw, 1024px\" \/><\/figure>\n","protected":false},"excerpt":{"rendered":"<p>Juan Arcos Jalcomulco, Ver.- Ejidatarios del municipio de Jalcomulco, ubicado en esta regi\u00f3n capital del estado de Veracruz, est\u00e1n inconformes con la gesti\u00f3n del comisariado ejidal saliente Pedro Quiroga. Estas personas se concentraron frente a la casa ejidal de la cabecera municipal donde se\u00f1alaron que el comisariado no ha transparentado el corte de caja, pese [&hellip;]<\/p>\n","protected":false},"author":2476,"featured_media":36396,"comment_status":"open","ping_status":"open","sticky":false,"template":"","format":"standard","meta":{"_jetpack_memberships_contains_paid_content":false,"footnotes":""},"categories":[8],"tags":[],"class_list":["post-36395","post","type-post","status-publish","format-standard","has-post-thumbnail","hentry","category-region"],"jetpack_featured_media_url":"https:\/\/encuentroinformativo.com.mx\/wp-content\/uploads\/2023\/02\/IMG_7126.jpg","jetpack_sharing_enabled":true,"jetpack_likes_enabled":true,"amp_enabled":true,"_links":{"self":[{"href":"https:\/\/encuentroinformativo.com.mx\/index.php?rest_route=\/wp\/v2\/posts\/36395","targetHints":{"allow":["GET"]}}],"collection":[{"href":"https:\/\/encuentroinformativo.com.mx\/index.php?rest_route=\/wp\/v2\/posts"}],"about":[{"href":"https:\/\/encuentroinformativo.com.mx\/index.php?rest_route=\/wp\/v2\/types\/post"}],"author":[{"embeddable":true,"href":"https:\/\/encuentroinformativo.com.mx\/index.php?rest_route=\/wp\/v2\/users\/2476"}],"replies":[{"embeddable":true,"href":"https:\/\/encuentroinformativo.com.mx\/index.php?rest_route=%2Fwp%2Fv2%2Fcomments&post=36395"}],"version-history":[{"count":1,"href":"https:\/\/encuentroinformativo.com.mx\/index.php?rest_route=\/wp\/v2\/posts\/36395\/revisions"}],"predecessor-version":[{"id":36398,"href":"https:\/\/encuentroinformativo.com.mx\/index.php?rest_route=\/wp\/v2\/posts\/36395\/revisions\/36398"}],"wp:featuredmedia":[{"embeddable":true,"href":"https:\/\/encuentroinformativo.com.mx\/index.php?rest_route=\/wp\/v2\/media\/36396"}],"wp:attachment":[{"href":"https:\/\/encuentroinformativo.com.mx\/index.php?rest_route=%2Fwp%2Fv2%2Fmedia&parent=36395"}],"wp:term":[{"taxonomy":"category","embeddable":true,"href":"https:\/\/encuentroinformativo.com.mx\/index.php?rest_route=%2Fwp%2Fv2%2Fcategories&post=36395"},{"taxonomy":"post_tag","embeddable":true,"href":"https:\/\/encuentroinformativo.com.mx\/index.php?rest_route=%2Fwp%2Fv2%2Ftags&post=36395"}],"curies":[{"name":"wp","href":"https:\/\/api.w.org\/{rel}","templated":true}]}}