{"id":36399,"date":"2023-02-06T15:11:24","date_gmt":"2023-02-06T21:11:24","guid":{"rendered":"https:\/\/encuentroinformativo.com.mx\/?p=36399"},"modified":"2023-02-06T15:11:27","modified_gmt":"2023-02-06T21:11:27","slug":"reanudan-clases-en-region-del-totonacapan","status":"publish","type":"post","link":"https:\/\/encuentroinformativo.com.mx\/?p=36399","title":{"rendered":"Reanudan clases en regi\u00f3n del Totonacapan"},"content":{"rendered":"\n<p><strong>Dar\u00edo Pale<\/strong> <\/p>\n\n\n\n<p>Xalapa, Ver.- El titular de la Secretar\u00eda de Educaci\u00f3n de Veracruz (SEV), Zenyazen Escobar Garc\u00eda dio a conocer que tras el cese de violencia regresaron las clases presenciales en el Totonacapan.<\/p>\n\n\n\n<p>Entrevistado previo a la entrega de Apoyos a Proyectos Productivos para Instituciones de Educaci\u00f3n Superior se\u00f1al\u00f3 que las escuelas de la regi\u00f3n del Totonacapan regresaron a clases presenciales luego de optar hace algunos d\u00edas por las clases virtuales con motivo de los hechos violentos registrados recientemente en la zona.<\/p>\n\n\n\n<p>El titular de la SEV dijo que no puede permitirse por mucho tiempo esta opci\u00f3n, ya que otras escuelas tambi\u00e9n pedir\u00edan las clases a distancia.\u00a0<\/p>\n\n\n\n<p>&#8220;Es complejo porque si empieza una zona a tener este tipo de acciones de que se puedan ir a manera virtual, a veces se quiere ir todo el Estado, se est\u00e1 trabajando de manera normal&#8221;, se\u00f1al\u00f3.<\/p>\n\n\n\n<p>Finalmente el titular de la SEV asegur\u00f3 que la Secretar\u00eda de Seguridad P\u00fablica (SSP), mantiene vigilada la zona.<\/p>\n","protected":false},"excerpt":{"rendered":"<p>Dar\u00edo Pale Xalapa, Ver.- El titular de la Secretar\u00eda de Educaci\u00f3n de Veracruz (SEV), Zenyazen Escobar Garc\u00eda dio a conocer que tras el cese de violencia regresaron las clases presenciales en el Totonacapan. Entrevistado previo a la entrega de Apoyos a Proyectos Productivos para Instituciones de Educaci\u00f3n Superior se\u00f1al\u00f3 que las escuelas de la regi\u00f3n [&hellip;]<\/p>\n","protected":false},"author":2476,"featured_media":36400,"comment_status":"open","ping_status":"open","sticky":false,"template":"","format":"standard","meta":{"_jetpack_memberships_contains_paid_content":false,"footnotes":""},"categories":[2],"tags":[],"class_list":["post-36399","post","type-post","status-publish","format-standard","has-post-thumbnail","hentry","category-estado"],"jetpack_featured_media_url":"https:\/\/encuentroinformativo.com.mx\/wp-content\/uploads\/2023\/02\/IMG-20230206-WA0071.jpg","jetpack_sharing_enabled":true,"jetpack_likes_enabled":true,"amp_enabled":true,"_links":{"self":[{"href":"https:\/\/encuentroinformativo.com.mx\/index.php?rest_route=\/wp\/v2\/posts\/36399","targetHints":{"allow":["GET"]}}],"collection":[{"href":"https:\/\/encuentroinformativo.com.mx\/index.php?rest_route=\/wp\/v2\/posts"}],"about":[{"href":"https:\/\/encuentroinformativo.com.mx\/index.php?rest_route=\/wp\/v2\/types\/post"}],"author":[{"embeddable":true,"href":"https:\/\/encuentroinformativo.com.mx\/index.php?rest_route=\/wp\/v2\/users\/2476"}],"replies":[{"embeddable":true,"href":"https:\/\/encuentroinformativo.com.mx\/index.php?rest_route=%2Fwp%2Fv2%2Fcomments&post=36399"}],"version-history":[{"count":1,"href":"https:\/\/encuentroinformativo.com.mx\/index.php?rest_route=\/wp\/v2\/posts\/36399\/revisions"}],"predecessor-version":[{"id":36401,"href":"https:\/\/encuentroinformativo.com.mx\/index.php?rest_route=\/wp\/v2\/posts\/36399\/revisions\/36401"}],"wp:featuredmedia":[{"embeddable":true,"href":"https:\/\/encuentroinformativo.com.mx\/index.php?rest_route=\/wp\/v2\/media\/36400"}],"wp:attachment":[{"href":"https:\/\/encuentroinformativo.com.mx\/index.php?rest_route=%2Fwp%2Fv2%2Fmedia&parent=36399"}],"wp:term":[{"taxonomy":"category","embeddable":true,"href":"https:\/\/encuentroinformativo.com.mx\/index.php?rest_route=%2Fwp%2Fv2%2Fcategories&post=36399"},{"taxonomy":"post_tag","embeddable":true,"href":"https:\/\/encuentroinformativo.com.mx\/index.php?rest_route=%2Fwp%2Fv2%2Ftags&post=36399"}],"curies":[{"name":"wp","href":"https:\/\/api.w.org\/{rel}","templated":true}]}}