{"id":36413,"date":"2023-02-07T09:49:21","date_gmt":"2023-02-07T15:49:21","guid":{"rendered":"https:\/\/encuentroinformativo.com.mx\/?p=36413"},"modified":"2023-02-07T09:49:25","modified_gmt":"2023-02-07T15:49:25","slug":"nace-en-el-sur-agrupacion-amigos-veracruzanos","status":"publish","type":"post","link":"https:\/\/encuentroinformativo.com.mx\/?p=36413","title":{"rendered":"Nace en el sur agrupaci\u00f3n \u201cAmigos Veracruzanos&#8221;"},"content":{"rendered":"\n<p><strong>Alejandro \u00c1vila<\/strong><\/p>\n\n\n\n<p>Veracruz, Ver.- Durante la toma de protesta del movimiento &#8220;Amigos Veracruzanos&#8221;, el diputado federal Sergio Guti\u00e9rrez Luna asegur\u00f3 que, &#8220;primero los intereses del pueblo, por encima de los personales o de grupo&#8221;.<\/p>\n\n\n\n<p>Este movimiento est\u00e1 conformado por l\u00edderes sociales del sur, en especial de municipios como: Las Choapas, Coatzacoalcos, Tatahuicapan, Cosoleacaque, Hidalgotitl\u00e1n, Isla, Jos\u00e9 Azueta, Tres Valles, Catemaco, San Andr\u00e9s y Minatitl\u00e1n.<\/p>\n\n\n\n<p>En voz de su coordinador estatal, Artemio Santiago Solano, se dijeron dispuestos a caminar juntos hasta lograr m\u00e1s bienestar y seguir con la Transformaci\u00f3n.<\/p>\n\n\n\n<p>\u201cEn nosotros tienes un equipo a lo largo y ancho del estado, te hacemos la invitaci\u00f3n para caminar juntos y fortalecer la transformaci\u00f3n de nuestro hermoso Veracruz como lo inici\u00f3 nuestro Presidente Andr\u00e9s Manuel L\u00f3pez Obrador\u201d, expres\u00f3 Artemio Santiago.<\/p>\n\n\n\n<p>El diputado federal veracruzano, Sergio Guti\u00e9rrez Luna, como invitado especial, tom\u00f3 protesta a los integrantes de este movimiento y les pidi\u00f3 continuar transmitiendo el mensaje del presidente, Andr\u00e9s Manuel L\u00f3pez Obrador, en la ruta de la defensa de los pobres, del pueblo, por encima de intereses personales o de grupo.<\/p>\n\n\n\n<p>Despu\u00e9s de escuchar a algunos miembros del movimiento, el expresidente de la C\u00e1mara de Diputados, Sergio Guti\u00e9rrez Luna acept\u00f3 la invitaci\u00f3n de seguir caminando, unidos por Veracruz.<\/p>\n\n\n\n<p>Afirm\u00f3 que, \u201clos resultados solo se logran si estamos unidos, si logramos un liderazgo con acompa\u00f1amiento social, plural e incluyente, donde se tenga en claro que est\u00e1 primero el pueblo, por encima de los intereses de grupo, buscando soluciones a los problemas de fondo y que se perciba en las familias\u201d.<\/p>\n\n\n\n<p>En esta reuni\u00f3n, Guti\u00e9rrez Luna fue acompa\u00f1ado por el coordinador estatal de Comit\u00e9s, Mario Malpica Medel; la coordinadora de Mujeres, la diputada local por Minatitl\u00e1n, Jessica, Ram\u00edrez y la secretaria t\u00e9cnica del comit\u00e9 estatal, Ver\u00f3nica Aguilera Tapia.<\/p>\n","protected":false},"excerpt":{"rendered":"<p>Alejandro \u00c1vila Veracruz, Ver.- Durante la toma de protesta del movimiento &#8220;Amigos Veracruzanos&#8221;, el diputado federal Sergio Guti\u00e9rrez Luna asegur\u00f3 que, &#8220;primero los intereses del pueblo, por encima de los personales o de grupo&#8221;. Este movimiento est\u00e1 conformado por l\u00edderes sociales del sur, en especial de municipios como: Las Choapas, Coatzacoalcos, Tatahuicapan, Cosoleacaque, Hidalgotitl\u00e1n, Isla, [&hellip;]<\/p>\n","protected":false},"author":2476,"featured_media":36414,"comment_status":"open","ping_status":"open","sticky":false,"template":"","format":"standard","meta":{"_jetpack_memberships_contains_paid_content":false,"footnotes":""},"categories":[2],"tags":[],"class_list":["post-36413","post","type-post","status-publish","format-standard","has-post-thumbnail","hentry","category-estado"],"jetpack_featured_media_url":"https:\/\/encuentroinformativo.com.mx\/wp-content\/uploads\/2023\/02\/IMG-20230207-WA0021.jpg","jetpack_sharing_enabled":true,"jetpack_likes_enabled":true,"amp_enabled":true,"_links":{"self":[{"href":"https:\/\/encuentroinformativo.com.mx\/index.php?rest_route=\/wp\/v2\/posts\/36413","targetHints":{"allow":["GET"]}}],"collection":[{"href":"https:\/\/encuentroinformativo.com.mx\/index.php?rest_route=\/wp\/v2\/posts"}],"about":[{"href":"https:\/\/encuentroinformativo.com.mx\/index.php?rest_route=\/wp\/v2\/types\/post"}],"author":[{"embeddable":true,"href":"https:\/\/encuentroinformativo.com.mx\/index.php?rest_route=\/wp\/v2\/users\/2476"}],"replies":[{"embeddable":true,"href":"https:\/\/encuentroinformativo.com.mx\/index.php?rest_route=%2Fwp%2Fv2%2Fcomments&post=36413"}],"version-history":[{"count":1,"href":"https:\/\/encuentroinformativo.com.mx\/index.php?rest_route=\/wp\/v2\/posts\/36413\/revisions"}],"predecessor-version":[{"id":36415,"href":"https:\/\/encuentroinformativo.com.mx\/index.php?rest_route=\/wp\/v2\/posts\/36413\/revisions\/36415"}],"wp:featuredmedia":[{"embeddable":true,"href":"https:\/\/encuentroinformativo.com.mx\/index.php?rest_route=\/wp\/v2\/media\/36414"}],"wp:attachment":[{"href":"https:\/\/encuentroinformativo.com.mx\/index.php?rest_route=%2Fwp%2Fv2%2Fmedia&parent=36413"}],"wp:term":[{"taxonomy":"category","embeddable":true,"href":"https:\/\/encuentroinformativo.com.mx\/index.php?rest_route=%2Fwp%2Fv2%2Fcategories&post=36413"},{"taxonomy":"post_tag","embeddable":true,"href":"https:\/\/encuentroinformativo.com.mx\/index.php?rest_route=%2Fwp%2Fv2%2Ftags&post=36413"}],"curies":[{"name":"wp","href":"https:\/\/api.w.org\/{rel}","templated":true}]}}