{"id":36416,"date":"2023-02-07T09:57:53","date_gmt":"2023-02-07T15:57:53","guid":{"rendered":"https:\/\/encuentroinformativo.com.mx\/?p=36416"},"modified":"2023-02-07T09:57:57","modified_gmt":"2023-02-07T15:57:57","slug":"reanudan-ex-trabajadores-de-sas-protestas","status":"publish","type":"post","link":"https:\/\/encuentroinformativo.com.mx\/?p=36416","title":{"rendered":"Reanudan ex trabajadores de SAS protestas"},"content":{"rendered":"\n<p><strong>Alejandro \u00c1vila<\/strong><\/p>\n\n\n\n<p>Medell\u00edn de Bravo, Ver.- Los ex trabajadores del Sistema de Agua y Saneamiento (SAS) caminaron en manifestaci\u00f3n la ma\u00f1ana de este martes por la localidad de El Tejar en el municipio de Medell\u00edn de Bravo; durante su protesta aseguraron que si en un m\u00e1ximo de 20 d\u00edas no les dan soluci\u00f3n acudir\u00e1n al Congreso del Estado.<\/p>\n\n\n\n<p>Los quejosos se\u00f1alaron que los gobiernos cuarta transformaci\u00f3n no les ha cumplido lo prometido, pues es la fecha que no les a resuelto la entrega de su liquidaci\u00f3n por un presunto despido injustificado.<\/p>\n\n\n\n<p>&#8220;Hoy que tenemos nuestra toma de nota, compa\u00f1eros se los digo claramente, vamos a seguir luchando, hoy m\u00e1s que nunca. Hoy empezamos nuevamente con nuestras manifestaciones, pero si no dan soluci\u00f3n iremos al Congreso del Estado en unos 15 o 20 d\u00edas m\u00e1s, porque tenemos que dar tiempo aquellos reflexionen y den una soluci\u00f3n, pero sino nuestra pr\u00f3xima salida ser\u00eda al Congreso del Estado&#8221;, puntualiz\u00f3, Ang\u00e9lica Navarrete.<\/p>\n\n\n\n<p>La l\u00edder del ex sindicato de trabajadores del SAS, asegur\u00f3 en su discurso previo a la manifestaci\u00f3n, que ya cuentan con 2 tomas de nota, una expedida en la Ciudad de M\u00e9xico por instancias federales, y la \u00faltima entregada el pasado viernes por la Junta Estatal de Conciliaci\u00f3n y Arbitraje.<\/p>\n\n\n\n<p>Cabe recordar que en 2021 circul\u00f3 un audio a trav\u00e9s de WhatsApp donde la l\u00edder Ang\u00e9lica Navarrete solicitaba a sus agremiados votar por los candidatos de Morena por orden del diputado Juan Javier G\u00f3mez Cazar\u00edn, y a cambio, este ayudar\u00eda a resolver la demanda que tienen contra el SAS Metropolitano.<\/p>\n\n\n\n<figure class=\"wp-block-image size-large\"><img loading=\"lazy\" decoding=\"async\" width=\"1024\" height=\"528\" src=\"https:\/\/encuentroinformativo.com.mx\/wp-content\/uploads\/2023\/02\/IMG-20230207-WA00292-1024x528.jpg\" alt=\"\" class=\"wp-image-36418\" srcset=\"https:\/\/encuentroinformativo.com.mx\/wp-content\/uploads\/2023\/02\/IMG-20230207-WA00292-1024x528.jpg 1024w, https:\/\/encuentroinformativo.com.mx\/wp-content\/uploads\/2023\/02\/IMG-20230207-WA00292-300x155.jpg 300w, https:\/\/encuentroinformativo.com.mx\/wp-content\/uploads\/2023\/02\/IMG-20230207-WA00292-768x396.jpg 768w, https:\/\/encuentroinformativo.com.mx\/wp-content\/uploads\/2023\/02\/IMG-20230207-WA00292-1536x792.jpg 1536w, https:\/\/encuentroinformativo.com.mx\/wp-content\/uploads\/2023\/02\/IMG-20230207-WA00292.jpg 1600w\" sizes=\"auto, (max-width: 1024px) 100vw, 1024px\" \/><\/figure>\n","protected":false},"excerpt":{"rendered":"<p>Alejandro \u00c1vila Medell\u00edn de Bravo, Ver.- Los ex trabajadores del Sistema de Agua y Saneamiento (SAS) caminaron en manifestaci\u00f3n la ma\u00f1ana de este martes por la localidad de El Tejar en el municipio de Medell\u00edn de Bravo; durante su protesta aseguraron que si en un m\u00e1ximo de 20 d\u00edas no les dan soluci\u00f3n acudir\u00e1n al [&hellip;]<\/p>\n","protected":false},"author":2476,"featured_media":36417,"comment_status":"open","ping_status":"open","sticky":false,"template":"","format":"standard","meta":{"_jetpack_memberships_contains_paid_content":false,"footnotes":""},"categories":[2],"tags":[],"class_list":["post-36416","post","type-post","status-publish","format-standard","has-post-thumbnail","hentry","category-estado"],"jetpack_featured_media_url":"https:\/\/encuentroinformativo.com.mx\/wp-content\/uploads\/2023\/02\/IMG-20230207-WA00282.jpg","jetpack_sharing_enabled":true,"jetpack_likes_enabled":true,"amp_enabled":true,"_links":{"self":[{"href":"https:\/\/encuentroinformativo.com.mx\/index.php?rest_route=\/wp\/v2\/posts\/36416","targetHints":{"allow":["GET"]}}],"collection":[{"href":"https:\/\/encuentroinformativo.com.mx\/index.php?rest_route=\/wp\/v2\/posts"}],"about":[{"href":"https:\/\/encuentroinformativo.com.mx\/index.php?rest_route=\/wp\/v2\/types\/post"}],"author":[{"embeddable":true,"href":"https:\/\/encuentroinformativo.com.mx\/index.php?rest_route=\/wp\/v2\/users\/2476"}],"replies":[{"embeddable":true,"href":"https:\/\/encuentroinformativo.com.mx\/index.php?rest_route=%2Fwp%2Fv2%2Fcomments&post=36416"}],"version-history":[{"count":1,"href":"https:\/\/encuentroinformativo.com.mx\/index.php?rest_route=\/wp\/v2\/posts\/36416\/revisions"}],"predecessor-version":[{"id":36419,"href":"https:\/\/encuentroinformativo.com.mx\/index.php?rest_route=\/wp\/v2\/posts\/36416\/revisions\/36419"}],"wp:featuredmedia":[{"embeddable":true,"href":"https:\/\/encuentroinformativo.com.mx\/index.php?rest_route=\/wp\/v2\/media\/36417"}],"wp:attachment":[{"href":"https:\/\/encuentroinformativo.com.mx\/index.php?rest_route=%2Fwp%2Fv2%2Fmedia&parent=36416"}],"wp:term":[{"taxonomy":"category","embeddable":true,"href":"https:\/\/encuentroinformativo.com.mx\/index.php?rest_route=%2Fwp%2Fv2%2Fcategories&post=36416"},{"taxonomy":"post_tag","embeddable":true,"href":"https:\/\/encuentroinformativo.com.mx\/index.php?rest_route=%2Fwp%2Fv2%2Ftags&post=36416"}],"curies":[{"name":"wp","href":"https:\/\/api.w.org\/{rel}","templated":true}]}}