{"id":36428,"date":"2023-02-07T11:42:23","date_gmt":"2023-02-07T17:42:23","guid":{"rendered":"https:\/\/encuentroinformativo.com.mx\/?p=36428"},"modified":"2023-02-07T11:42:27","modified_gmt":"2023-02-07T17:42:27","slug":"respalda-alcalde-protestas-de-ex-trabajadores-del-sas","status":"publish","type":"post","link":"https:\/\/encuentroinformativo.com.mx\/?p=36428","title":{"rendered":"Respalda alcalde protestas de ex trabajadores del SAS"},"content":{"rendered":"\n<p><strong>Alejandro \u00c1vila<\/strong><\/p>\n\n\n\n<p>Medell\u00edn de Bravo, Ver.- El alcalde de Medell\u00edn de Bravo, Marcos Isle\u00f1o Andrade, recibi\u00f3 a los ex trabajadores sindicalizados del Sistema de Agua y Saneamiento (SAS) y les ofreci\u00f3 proporcionar autobuses de pasaje para que pudieran realizar una manifestaci\u00f3n el Congreso Veracruz.<\/p>\n\n\n\n<p>El edil morenista les externo el apoyo a su lucha y asegur\u00f3 que, aunque el resto de los municipios inmiscuidos en la problem\u00e1tica y que deber\u00edan de ayudarlos no les brinden la mano, con \u00e9l siempre podr\u00e1n contar.<\/p>\n\n\n\n<p>&#8220;Cr\u00e9anme que cuentan con Medell\u00edn, Medell\u00edn en su aliado, ya hemos hablado con el Gobernador la licenciada lo sabe (Ang\u00e9lica Navarrete), pero me queda claro que tenemos que hacer una presi\u00f3n, con el pueblo todo sin el pueblo nada, yo pongo los camiones y nos vamos al Congreso del Estado si as\u00ed lo permite la licenciada. Para que sientan y vean que de nuestra parte no va a quedar&#8221;, remat\u00f3 Isle\u00f1o Andrade.<\/p>\n\n\n\n<p>Marcos Isle\u00f1o mencion\u00f3 que el gobernador Cuitl\u00e1huac Garc\u00eda Jim\u00e9nez, tiene conocimiento a detalle del problema que enfrentan los ex trabajadores del SAS; y de su parte ha entregado toda la documentaci\u00f3n que ha requerido el ORFIS con la finalidad de que realmente logren eliminar la concesi\u00f3n de Grupo MAS, y poder cumplir con el compromiso estuvo con los ex trabajadores despedidos.<\/p>\n","protected":false},"excerpt":{"rendered":"<p>Alejandro \u00c1vila Medell\u00edn de Bravo, Ver.- El alcalde de Medell\u00edn de Bravo, Marcos Isle\u00f1o Andrade, recibi\u00f3 a los ex trabajadores sindicalizados del Sistema de Agua y Saneamiento (SAS) y les ofreci\u00f3 proporcionar autobuses de pasaje para que pudieran realizar una manifestaci\u00f3n el Congreso Veracruz. El edil morenista les externo el apoyo a su lucha y [&hellip;]<\/p>\n","protected":false},"author":2476,"featured_media":36429,"comment_status":"open","ping_status":"open","sticky":false,"template":"","format":"standard","meta":{"_jetpack_memberships_contains_paid_content":false,"footnotes":""},"categories":[2],"tags":[],"class_list":["post-36428","post","type-post","status-publish","format-standard","has-post-thumbnail","hentry","category-estado"],"jetpack_featured_media_url":"https:\/\/encuentroinformativo.com.mx\/wp-content\/uploads\/2023\/02\/IMG-20230207-WA0039.jpg","jetpack_sharing_enabled":true,"jetpack_likes_enabled":true,"amp_enabled":true,"_links":{"self":[{"href":"https:\/\/encuentroinformativo.com.mx\/index.php?rest_route=\/wp\/v2\/posts\/36428","targetHints":{"allow":["GET"]}}],"collection":[{"href":"https:\/\/encuentroinformativo.com.mx\/index.php?rest_route=\/wp\/v2\/posts"}],"about":[{"href":"https:\/\/encuentroinformativo.com.mx\/index.php?rest_route=\/wp\/v2\/types\/post"}],"author":[{"embeddable":true,"href":"https:\/\/encuentroinformativo.com.mx\/index.php?rest_route=\/wp\/v2\/users\/2476"}],"replies":[{"embeddable":true,"href":"https:\/\/encuentroinformativo.com.mx\/index.php?rest_route=%2Fwp%2Fv2%2Fcomments&post=36428"}],"version-history":[{"count":1,"href":"https:\/\/encuentroinformativo.com.mx\/index.php?rest_route=\/wp\/v2\/posts\/36428\/revisions"}],"predecessor-version":[{"id":36430,"href":"https:\/\/encuentroinformativo.com.mx\/index.php?rest_route=\/wp\/v2\/posts\/36428\/revisions\/36430"}],"wp:featuredmedia":[{"embeddable":true,"href":"https:\/\/encuentroinformativo.com.mx\/index.php?rest_route=\/wp\/v2\/media\/36429"}],"wp:attachment":[{"href":"https:\/\/encuentroinformativo.com.mx\/index.php?rest_route=%2Fwp%2Fv2%2Fmedia&parent=36428"}],"wp:term":[{"taxonomy":"category","embeddable":true,"href":"https:\/\/encuentroinformativo.com.mx\/index.php?rest_route=%2Fwp%2Fv2%2Fcategories&post=36428"},{"taxonomy":"post_tag","embeddable":true,"href":"https:\/\/encuentroinformativo.com.mx\/index.php?rest_route=%2Fwp%2Fv2%2Ftags&post=36428"}],"curies":[{"name":"wp","href":"https:\/\/api.w.org\/{rel}","templated":true}]}}