{"id":36431,"date":"2023-02-07T12:12:06","date_gmt":"2023-02-07T18:12:06","guid":{"rendered":"https:\/\/encuentroinformativo.com.mx\/?p=36431"},"modified":"2023-02-07T12:12:09","modified_gmt":"2023-02-07T18:12:09","slug":"toman-oficinas-de-departamento-de-administracion-de-la-sev","status":"publish","type":"post","link":"https:\/\/encuentroinformativo.com.mx\/?p=36431","title":{"rendered":"Toman oficinas de departamento de administraci\u00f3n de la SEV"},"content":{"rendered":"\n<p><strong>Juan Arcos<\/strong> <\/p>\n\n\n\n<p>Xalapa, Ver.- Integrantes del Sindicato Independiente de Trabajadores de la Educaci\u00f3n en M\u00e9xico (Sitem) tomaron las oficinas del Departamento de Administraci\u00f3n de Personal Estatal, que dependen de la Secretar\u00eda de Educaci\u00f3n de Veracruz (SEV).<\/p>\n\n\n\n<p>Los quejosos se manifestaron y colocaron lonas y pancartas en la fachada del inmueble, que se encuentra sobre la calle Corregidora, en el fraccionamiento Los \u00c1ngeles, en esta ciudad de Xalapa.<\/p>\n\n\n\n<p>\u201cFuera funcionarios ineptos\u201d, \u201cbasta de burocratismo\u201d, \u201cSitem presente\u201d y \u201cSitem en pie de lucha\u201d, se le\u00eda en algunos de sus mensajes.<br>De acuerdo con Juan P\u00e9rez Hern\u00e1ndez, secretario general del Sitem, est\u00e1n retenidos movimientos de personal y tr\u00e1mites de afiliaci\u00f3n en dicha dependencia estatal.<\/p>\n\n\n\n<p>\u201cVenimos desde temprano porque hemos tenido var\u00edas incidencias con la Secretar\u00eda de Educaci\u00f3n, movimientos de personal que no salen. Un movimiento sencillo, una permuta, sale en m\u00e1s de cuatro meses y medio\u201d, expres\u00f3.<\/p>\n\n\n\n<p>El l\u00edder sindical mencion\u00f3 que tambi\u00e9n hay otros tr\u00e1mites y afiliaciones que est\u00e1n rezagados, que no proceden y que afectan al sindicato.<\/p>\n\n\n\n<p>&#8220;Llevamos un movimiento de personal a primarias y no les dan curso, nos dan los \u00f3rdenes de presentaci\u00f3n despu\u00e9s de dos meses o dos meses y medio, nosotros recibimos el reclamo de nuestros compa\u00f1eros\u201d, a\u00f1adi\u00f3.<\/p>\n\n\n\n<p>Los quejosos amagaron con mantener la protesta hasta que dieran seguimiento de sus peticiones.<\/p>\n\n\n\n<p>Tambi\u00e9n indic\u00f3 que, en caso de no ser atendidas sus demandas, pedir\u00e1n la destituci\u00f3n de la responsable del Departamento de Administraci\u00f3n de Personal Estatal, Imelda Brito Fuentes, as\u00ed como tambi\u00e9n, del jefe de enlace administrativo de primarias, Hiram Escudero.<\/p>\n\n\n\n<figure class=\"wp-block-image size-large\"><img loading=\"lazy\" decoding=\"async\" width=\"1024\" height=\"768\" src=\"https:\/\/encuentroinformativo.com.mx\/wp-content\/uploads\/2023\/02\/IMG_1894-1024x768.jpg\" alt=\"\" class=\"wp-image-36433\" srcset=\"https:\/\/encuentroinformativo.com.mx\/wp-content\/uploads\/2023\/02\/IMG_1894-1024x768.jpg 1024w, https:\/\/encuentroinformativo.com.mx\/wp-content\/uploads\/2023\/02\/IMG_1894-300x225.jpg 300w, https:\/\/encuentroinformativo.com.mx\/wp-content\/uploads\/2023\/02\/IMG_1894-768x576.jpg 768w, https:\/\/encuentroinformativo.com.mx\/wp-content\/uploads\/2023\/02\/IMG_1894-1536x1152.jpg 1536w, https:\/\/encuentroinformativo.com.mx\/wp-content\/uploads\/2023\/02\/IMG_1894.jpg 2016w\" sizes=\"auto, (max-width: 1024px) 100vw, 1024px\" \/><\/figure>\n","protected":false},"excerpt":{"rendered":"<p>Juan Arcos Xalapa, Ver.- Integrantes del Sindicato Independiente de Trabajadores de la Educaci\u00f3n en M\u00e9xico (Sitem) tomaron las oficinas del Departamento de Administraci\u00f3n de Personal Estatal, que dependen de la Secretar\u00eda de Educaci\u00f3n de Veracruz (SEV). Los quejosos se manifestaron y colocaron lonas y pancartas en la fachada del inmueble, que se encuentra sobre la [&hellip;]<\/p>\n","protected":false},"author":2476,"featured_media":36432,"comment_status":"open","ping_status":"open","sticky":false,"template":"","format":"standard","meta":{"_jetpack_memberships_contains_paid_content":false,"footnotes":""},"categories":[3],"tags":[],"class_list":["post-36431","post","type-post","status-publish","format-standard","has-post-thumbnail","hentry","category-xalapa"],"jetpack_featured_media_url":"https:\/\/encuentroinformativo.com.mx\/wp-content\/uploads\/2023\/02\/IMG_1904.jpg","jetpack_sharing_enabled":true,"jetpack_likes_enabled":true,"amp_enabled":true,"_links":{"self":[{"href":"https:\/\/encuentroinformativo.com.mx\/index.php?rest_route=\/wp\/v2\/posts\/36431","targetHints":{"allow":["GET"]}}],"collection":[{"href":"https:\/\/encuentroinformativo.com.mx\/index.php?rest_route=\/wp\/v2\/posts"}],"about":[{"href":"https:\/\/encuentroinformativo.com.mx\/index.php?rest_route=\/wp\/v2\/types\/post"}],"author":[{"embeddable":true,"href":"https:\/\/encuentroinformativo.com.mx\/index.php?rest_route=\/wp\/v2\/users\/2476"}],"replies":[{"embeddable":true,"href":"https:\/\/encuentroinformativo.com.mx\/index.php?rest_route=%2Fwp%2Fv2%2Fcomments&post=36431"}],"version-history":[{"count":1,"href":"https:\/\/encuentroinformativo.com.mx\/index.php?rest_route=\/wp\/v2\/posts\/36431\/revisions"}],"predecessor-version":[{"id":36434,"href":"https:\/\/encuentroinformativo.com.mx\/index.php?rest_route=\/wp\/v2\/posts\/36431\/revisions\/36434"}],"wp:featuredmedia":[{"embeddable":true,"href":"https:\/\/encuentroinformativo.com.mx\/index.php?rest_route=\/wp\/v2\/media\/36432"}],"wp:attachment":[{"href":"https:\/\/encuentroinformativo.com.mx\/index.php?rest_route=%2Fwp%2Fv2%2Fmedia&parent=36431"}],"wp:term":[{"taxonomy":"category","embeddable":true,"href":"https:\/\/encuentroinformativo.com.mx\/index.php?rest_route=%2Fwp%2Fv2%2Fcategories&post=36431"},{"taxonomy":"post_tag","embeddable":true,"href":"https:\/\/encuentroinformativo.com.mx\/index.php?rest_route=%2Fwp%2Fv2%2Ftags&post=36431"}],"curies":[{"name":"wp","href":"https:\/\/api.w.org\/{rel}","templated":true}]}}