{"id":36438,"date":"2023-02-07T12:42:08","date_gmt":"2023-02-07T18:42:08","guid":{"rendered":"https:\/\/encuentroinformativo.com.mx\/?p=36438"},"modified":"2023-02-07T12:42:12","modified_gmt":"2023-02-07T18:42:12","slug":"el-pt-tambien-tiene-sus-corcholatas-vicente-aguilar","status":"publish","type":"post","link":"https:\/\/encuentroinformativo.com.mx\/?p=36438","title":{"rendered":"El PT tambi\u00e9n tiene sus corcholatas: Vicente Aguilar"},"content":{"rendered":"\n<p><strong>Israel Garc\u00eda <\/strong><\/p>\n\n\n\n<p>Xalapa, Ver.- El Dirigente del Partido del Trabajo (PT) en Veracruz, Vicente Aguilar Aguilar expres\u00f3 que el partido respalda la aspiraci\u00f3n a la ciudadana Roc\u00edo Nahle y de m\u00e1s aspirantes, quienes d\u00edas antes la Suprema Corte de Justicia de la Naci\u00f3n, invalida &#8220;la ley Nahle&#8221; en la Constituci\u00f3n de Veracruz.<\/p>\n\n\n\n<p>En conferencia de prensa, se\u00f1al\u00f3 que algunos aspirantes han declarado su intenci\u00f3n de participar en el pr\u00f3ximo proceso electoral, para obtener las candidaturas de su partido a gobernador, en Veracruz hay varios &#8221; gallos&#8221; que quieren ocupar la silla de Palacio de Gobierno.<\/p>\n\n\n\n<p>Aguilar Aguilar dijo que deber\u00e1n decir que el art\u00edculo 116 de la Construcci\u00f3n Federal es muy claro en los requisitos que se necesitan cubrir para poder ser postulados a dicho cargo p\u00fablico, &#8220;ser nativo del Estado o tener residencia efectiva no menos a 5 a\u00f1os antes del d\u00eda de la elecci\u00f3n&#8221;.<\/p>\n\n\n\n<p>En el tema de las elecciones rumbo al 2024 afirm\u00f3 que en el PT tambi\u00e9n tienen sus &#8220;corcholatas&#8221; dijo que tienen una propuesta en el diputado Gerardo Fern\u00e1ndez Noro\u00f1a &#8220;es un aspirante m\u00e1s para la presidencia de la rep\u00fablica&#8221;.<\/p>\n\n\n\n<p>Finalmente coment\u00f3 que siguen analizando si ir\u00e1n en alianza a nivel federal y a nivel estatal para los pr\u00f3ximos comicios electorales. <\/p>\n","protected":false},"excerpt":{"rendered":"<p>Israel Garc\u00eda Xalapa, Ver.- El Dirigente del Partido del Trabajo (PT) en Veracruz, Vicente Aguilar Aguilar expres\u00f3 que el partido respalda la aspiraci\u00f3n a la ciudadana Roc\u00edo Nahle y de m\u00e1s aspirantes, quienes d\u00edas antes la Suprema Corte de Justicia de la Naci\u00f3n, invalida &#8220;la ley Nahle&#8221; en la Constituci\u00f3n de Veracruz. En conferencia de [&hellip;]<\/p>\n","protected":false},"author":2476,"featured_media":36439,"comment_status":"open","ping_status":"open","sticky":false,"template":"","format":"standard","meta":{"_jetpack_memberships_contains_paid_content":false,"footnotes":""},"categories":[2],"tags":[],"class_list":["post-36438","post","type-post","status-publish","format-standard","has-post-thumbnail","hentry","category-estado"],"jetpack_featured_media_url":"https:\/\/encuentroinformativo.com.mx\/wp-content\/uploads\/2023\/02\/IMG-20230207-WA0053.jpg","jetpack_sharing_enabled":true,"jetpack_likes_enabled":true,"amp_enabled":true,"_links":{"self":[{"href":"https:\/\/encuentroinformativo.com.mx\/index.php?rest_route=\/wp\/v2\/posts\/36438","targetHints":{"allow":["GET"]}}],"collection":[{"href":"https:\/\/encuentroinformativo.com.mx\/index.php?rest_route=\/wp\/v2\/posts"}],"about":[{"href":"https:\/\/encuentroinformativo.com.mx\/index.php?rest_route=\/wp\/v2\/types\/post"}],"author":[{"embeddable":true,"href":"https:\/\/encuentroinformativo.com.mx\/index.php?rest_route=\/wp\/v2\/users\/2476"}],"replies":[{"embeddable":true,"href":"https:\/\/encuentroinformativo.com.mx\/index.php?rest_route=%2Fwp%2Fv2%2Fcomments&post=36438"}],"version-history":[{"count":1,"href":"https:\/\/encuentroinformativo.com.mx\/index.php?rest_route=\/wp\/v2\/posts\/36438\/revisions"}],"predecessor-version":[{"id":36440,"href":"https:\/\/encuentroinformativo.com.mx\/index.php?rest_route=\/wp\/v2\/posts\/36438\/revisions\/36440"}],"wp:featuredmedia":[{"embeddable":true,"href":"https:\/\/encuentroinformativo.com.mx\/index.php?rest_route=\/wp\/v2\/media\/36439"}],"wp:attachment":[{"href":"https:\/\/encuentroinformativo.com.mx\/index.php?rest_route=%2Fwp%2Fv2%2Fmedia&parent=36438"}],"wp:term":[{"taxonomy":"category","embeddable":true,"href":"https:\/\/encuentroinformativo.com.mx\/index.php?rest_route=%2Fwp%2Fv2%2Fcategories&post=36438"},{"taxonomy":"post_tag","embeddable":true,"href":"https:\/\/encuentroinformativo.com.mx\/index.php?rest_route=%2Fwp%2Fv2%2Ftags&post=36438"}],"curies":[{"name":"wp","href":"https:\/\/api.w.org\/{rel}","templated":true}]}}