{"id":36450,"date":"2023-02-07T14:32:58","date_gmt":"2023-02-07T20:32:58","guid":{"rendered":"https:\/\/encuentroinformativo.com.mx\/?p=36450"},"modified":"2023-02-07T14:33:01","modified_gmt":"2023-02-07T20:33:01","slug":"fin-de-semana-largo-dejo-en-boca-del-rio-derrama-economica-de-30-mdp-unanue","status":"publish","type":"post","link":"https:\/\/encuentroinformativo.com.mx\/?p=36450","title":{"rendered":"Fin de semana largo, dej\u00f3 en Boca del R\u00edo derrama econ\u00f3mica de 30 mdp: Unanue"},"content":{"rendered":"\n<p><strong>Alejandro \u00c1vila<\/strong><\/p>\n\n\n\n<p>Boca del R\u00edo, Ver.- Una derrama econ\u00f3mica de casi 30 millones de pesos fue lo que dej\u00f3 el primer fin de semana largo del 2023, confirm\u00f3 el alcalde de Boca del R\u00edo, Juan Manuel Unanue Abascal.<\/p>\n\n\n\n<p>El municipe destac\u00f3 que Boca del R\u00edo se ha convertido en la zona tur\u00edstica por excelencia a nivel estatal, y esto se traduce en derrama econ\u00f3mica y generaci\u00f3n de empleo.<\/p>\n\n\n\n<p>&#8220;Nosotros estaremos pendientes y aparte de estar preparados para estos fines de semana o para las festividades especiales, estaremos buscando m\u00e1s eventos, m\u00e1s eventos deportivos de talla nacional e internacional, es decir atraer gente para que haya ese movimiento en la ciudad qu\u00e9 es lo que tanto necesita Boca del R\u00edo (\u2026) 25 &#8211; 30 millones de pesos, tuvimos un aproximado, un estimado, tenemos datos de que hubo 70 por ciento de ocupaci\u00f3n hotelera&#8221;, remat\u00f3.<\/p>\n\n\n\n<p>En otro tema, coment\u00f3 que este miercoles 8 de febrero ingresa el Frente Frio n\u00famero 30, y el jueves 9 de febrero por la noche el Frente Frio n\u00famero 31, del cual se presume traer\u00e1n rachas de viento de entre 100 y 120 kil\u00f3metros por hora el d\u00eda viernes.<\/p>\n","protected":false},"excerpt":{"rendered":"<p>Alejandro \u00c1vila Boca del R\u00edo, Ver.- Una derrama econ\u00f3mica de casi 30 millones de pesos fue lo que dej\u00f3 el primer fin de semana largo del 2023, confirm\u00f3 el alcalde de Boca del R\u00edo, Juan Manuel Unanue Abascal. El municipe destac\u00f3 que Boca del R\u00edo se ha convertido en la zona tur\u00edstica por excelencia a [&hellip;]<\/p>\n","protected":false},"author":2476,"featured_media":36451,"comment_status":"open","ping_status":"open","sticky":false,"template":"","format":"standard","meta":{"_jetpack_memberships_contains_paid_content":false,"footnotes":""},"categories":[2],"tags":[],"class_list":["post-36450","post","type-post","status-publish","format-standard","has-post-thumbnail","hentry","category-estado"],"jetpack_featured_media_url":"https:\/\/encuentroinformativo.com.mx\/wp-content\/uploads\/2023\/02\/IMG-20230207-WA00842.jpg","jetpack_sharing_enabled":true,"jetpack_likes_enabled":true,"amp_enabled":true,"_links":{"self":[{"href":"https:\/\/encuentroinformativo.com.mx\/index.php?rest_route=\/wp\/v2\/posts\/36450","targetHints":{"allow":["GET"]}}],"collection":[{"href":"https:\/\/encuentroinformativo.com.mx\/index.php?rest_route=\/wp\/v2\/posts"}],"about":[{"href":"https:\/\/encuentroinformativo.com.mx\/index.php?rest_route=\/wp\/v2\/types\/post"}],"author":[{"embeddable":true,"href":"https:\/\/encuentroinformativo.com.mx\/index.php?rest_route=\/wp\/v2\/users\/2476"}],"replies":[{"embeddable":true,"href":"https:\/\/encuentroinformativo.com.mx\/index.php?rest_route=%2Fwp%2Fv2%2Fcomments&post=36450"}],"version-history":[{"count":1,"href":"https:\/\/encuentroinformativo.com.mx\/index.php?rest_route=\/wp\/v2\/posts\/36450\/revisions"}],"predecessor-version":[{"id":36452,"href":"https:\/\/encuentroinformativo.com.mx\/index.php?rest_route=\/wp\/v2\/posts\/36450\/revisions\/36452"}],"wp:featuredmedia":[{"embeddable":true,"href":"https:\/\/encuentroinformativo.com.mx\/index.php?rest_route=\/wp\/v2\/media\/36451"}],"wp:attachment":[{"href":"https:\/\/encuentroinformativo.com.mx\/index.php?rest_route=%2Fwp%2Fv2%2Fmedia&parent=36450"}],"wp:term":[{"taxonomy":"category","embeddable":true,"href":"https:\/\/encuentroinformativo.com.mx\/index.php?rest_route=%2Fwp%2Fv2%2Fcategories&post=36450"},{"taxonomy":"post_tag","embeddable":true,"href":"https:\/\/encuentroinformativo.com.mx\/index.php?rest_route=%2Fwp%2Fv2%2Ftags&post=36450"}],"curies":[{"name":"wp","href":"https:\/\/api.w.org\/{rel}","templated":true}]}}