{"id":36459,"date":"2023-02-07T17:28:35","date_gmt":"2023-02-07T23:28:35","guid":{"rendered":"https:\/\/encuentroinformativo.com.mx\/?p=36459"},"modified":"2023-02-07T17:28:39","modified_gmt":"2023-02-07T23:28:39","slug":"xalapa-referente-en-atencion-de-parkinson","status":"publish","type":"post","link":"https:\/\/encuentroinformativo.com.mx\/?p=36459","title":{"rendered":"Xalapa, referente en atenci\u00f3n de Parkinson"},"content":{"rendered":"\n<p><strong>Dar\u00edo Pale <\/strong><\/p>\n\n\n\n<p>Xalapa, Ver.- El regidor quinto del ayuntamiento de Xalapa, Diego Florescano Perez dio a conocer que contin\u00faan con la atenci\u00f3n de las personas con Parkinson y Movilidad, este esfuerzo es \u00fanico en el pa\u00eds ya que todos los servicios son de forma gratuita.<\/p>\n\n\n\n<p>Dio a conocer que este proyecto fue patrocinado por los rotarios de Xalapa y Coatepec as\u00ed como de algunas ciudades de Estados Unidos y ser\u00e1 el Ayuntamiento de Xalapa a trav\u00e9s de DIF Municipal quienes est\u00e9n a cargo de la atenci\u00f3n y rehabilitaci\u00f3n de los pacientes, contando con la supervisi\u00f3n y apoyo de los clubes rotarios.\u00a0<\/p>\n\n\n\n<p>Se\u00f1al\u00f3 que este esfuerzo es \u00fanico en el pa\u00eds, pues prestar\u00e1 servicio de manera gratuita, &#8220;reiniciamos el sue\u00f1o del \u00c1rea de Rehabilitaci\u00f3n para personas con Parkinson y problemas de Movilidad. Con este logro Xalapa ubica como un referente nacional en la atenci\u00f3n de las personas con este padecimiento. Este esfuerzo se hace posible Gracias a la generosidad de los Rotarios de Xalapa, Coatepec y Estados Unidos que han donado los equipos especializados as\u00ed como la capacitaci\u00f3n permanente de las personas que operar\u00e1n y prestar\u00e1n atenci\u00f3n en este espacio&#8221;, se\u00f1al\u00f3.<\/p>\n\n\n\n<p>Coment\u00f3 que la autoridad moral y social de quien Preside el Ayuntamiento de Xalapa, el alcalde Ricardo Ahued Bardahuil quien gener\u00f3 la confianza de los rotarios para mediante esta alianza beneficiar a todos los veracruzanos que puedan asistir a la Casa de D\u00eda ubicada en el Fraccionamiento Jardines de Xalapa o al DIF MUNICIPAL.<\/p>\n\n\n\n<p>Por \u00faltimo se\u00f1al\u00f3 que quienes operar\u00e1n de manera profesional y sensible este centro, lo hacen con &#8220;trabajo y Compromiso y con la voluntad de Dar de S\u00ed antes de Pensar en S\u00ed, seguimos sirviendo\u201d.<\/p>\n","protected":false},"excerpt":{"rendered":"<p>Dar\u00edo Pale Xalapa, Ver.- El regidor quinto del ayuntamiento de Xalapa, Diego Florescano Perez dio a conocer que contin\u00faan con la atenci\u00f3n de las personas con Parkinson y Movilidad, este esfuerzo es \u00fanico en el pa\u00eds ya que todos los servicios son de forma gratuita. Dio a conocer que este proyecto fue patrocinado por los [&hellip;]<\/p>\n","protected":false},"author":2476,"featured_media":36460,"comment_status":"open","ping_status":"open","sticky":false,"template":"","format":"standard","meta":{"_jetpack_memberships_contains_paid_content":false,"footnotes":""},"categories":[9],"tags":[],"class_list":["post-36459","post","type-post","status-publish","format-standard","has-post-thumbnail","hentry","category-salud"],"jetpack_featured_media_url":"https:\/\/encuentroinformativo.com.mx\/wp-content\/uploads\/2023\/02\/IMG-20230207-WA01052.jpg","jetpack_sharing_enabled":true,"jetpack_likes_enabled":true,"amp_enabled":true,"_links":{"self":[{"href":"https:\/\/encuentroinformativo.com.mx\/index.php?rest_route=\/wp\/v2\/posts\/36459","targetHints":{"allow":["GET"]}}],"collection":[{"href":"https:\/\/encuentroinformativo.com.mx\/index.php?rest_route=\/wp\/v2\/posts"}],"about":[{"href":"https:\/\/encuentroinformativo.com.mx\/index.php?rest_route=\/wp\/v2\/types\/post"}],"author":[{"embeddable":true,"href":"https:\/\/encuentroinformativo.com.mx\/index.php?rest_route=\/wp\/v2\/users\/2476"}],"replies":[{"embeddable":true,"href":"https:\/\/encuentroinformativo.com.mx\/index.php?rest_route=%2Fwp%2Fv2%2Fcomments&post=36459"}],"version-history":[{"count":1,"href":"https:\/\/encuentroinformativo.com.mx\/index.php?rest_route=\/wp\/v2\/posts\/36459\/revisions"}],"predecessor-version":[{"id":36461,"href":"https:\/\/encuentroinformativo.com.mx\/index.php?rest_route=\/wp\/v2\/posts\/36459\/revisions\/36461"}],"wp:featuredmedia":[{"embeddable":true,"href":"https:\/\/encuentroinformativo.com.mx\/index.php?rest_route=\/wp\/v2\/media\/36460"}],"wp:attachment":[{"href":"https:\/\/encuentroinformativo.com.mx\/index.php?rest_route=%2Fwp%2Fv2%2Fmedia&parent=36459"}],"wp:term":[{"taxonomy":"category","embeddable":true,"href":"https:\/\/encuentroinformativo.com.mx\/index.php?rest_route=%2Fwp%2Fv2%2Fcategories&post=36459"},{"taxonomy":"post_tag","embeddable":true,"href":"https:\/\/encuentroinformativo.com.mx\/index.php?rest_route=%2Fwp%2Fv2%2Ftags&post=36459"}],"curies":[{"name":"wp","href":"https:\/\/api.w.org\/{rel}","templated":true}]}}