{"id":36462,"date":"2023-02-07T22:24:56","date_gmt":"2023-02-08T04:24:56","guid":{"rendered":"https:\/\/encuentroinformativo.com.mx\/?p=36462"},"modified":"2023-02-07T22:24:58","modified_gmt":"2023-02-08T04:24:58","slug":"ayudar-a-quienes-mas-lo-necesitan-prioridad-del-alcalde-jm-unanue","status":"publish","type":"post","link":"https:\/\/encuentroinformativo.com.mx\/?p=36462","title":{"rendered":"Ayudar a quienes m\u00e1s lo necesitan, prioridad del Alcalde JM Un\u00e1nue"},"content":{"rendered":"\n<p><strong>*<em>En coordinaci\u00f3n con el DIF Municipal se hizo entrega de sillas de ruedas, andaderas, bastones y muletas<\/em>.<\/strong><\/p>\n\n\n\n<p>Boca del R\u00edo, Ver.- El alcalde de Boca del R\u00edo Juan Manuel Un\u00e1nue Abascal y la presidenta del DIF municipal, Melina Rivera de Un\u00e1nue, realizaron la primera entrega de aparatos funcionales de este 2023 a boque\u00f1os que m\u00e1s lo necesitan.<\/p>\n\n\n\n<p>Los beneficiados se dieron cita en la unidad deportiva Hugo S\u00e1nchez para recibir su respectivo apoyo como sillas de ruedas, andaderas, bastones y muletas.<\/p>\n\n\n\n<p>El Alcalde record\u00f3 que el a\u00f1o pasado se entregaron m\u00e1s de 500 aparatos funcionales, por lo que asegur\u00f3 que el resto de su administraci\u00f3n seguir\u00e1n gestionando este tipo de apoyos.<\/p>\n\n\n\n<p>&#8220;Con la ayuda del DIF Boca del R\u00edo hemos llevado a cabo muchas acciones que benefician de manera directa a las personas que m\u00e1s lo necesitan. En el primer a\u00f1o de mi gobierno nos propusimos ayudar a las personas que requieren este tipo de apoyos y as\u00ed lo seguiremos haciendo&#8221;, puntualiz\u00f3.<\/p>\n\n\n\n<p>Por su parte la presidenta del DIF municipal, Melina Rivera de Un\u00e1nue, destac\u00f3 que en esta administraci\u00f3n se le da prioridad al apoyo de personas con discapacidad y adultos mayores.<\/p>\n\n\n\n<p>&#8220;A mi esposo Juan Manuel le agradezco que tenga como una de sus principales prioridades apoyar a los adultos mayores y personas con alguna discapacidad. Para nosotros es muy importante su bienestar y queremos que estas sillas y estos bastones sean su principal herramienta&#8221;, destac\u00f3.<\/p>\n\n\n\n<p>Cabe recordar que durante el 2022 se apoy\u00f3 a m\u00e1s de 500 familias, y este a\u00f1o la intenci\u00f3n es la misma a trav\u00e9s de este programa de apoyo social que se lleva a cabo en coordinaci\u00f3n con el DIF Municipal de Boca del R\u00edo.<\/p>\n\n\n\n<figure class=\"wp-block-image size-large\"><img loading=\"lazy\" decoding=\"async\" width=\"1024\" height=\"768\" src=\"https:\/\/encuentroinformativo.com.mx\/wp-content\/uploads\/2023\/02\/IMG-20230207-WA0127-1024x768.jpg\" alt=\"\" class=\"wp-image-36464\" srcset=\"https:\/\/encuentroinformativo.com.mx\/wp-content\/uploads\/2023\/02\/IMG-20230207-WA0127-1024x768.jpg 1024w, https:\/\/encuentroinformativo.com.mx\/wp-content\/uploads\/2023\/02\/IMG-20230207-WA0127-300x225.jpg 300w, https:\/\/encuentroinformativo.com.mx\/wp-content\/uploads\/2023\/02\/IMG-20230207-WA0127-768x576.jpg 768w, https:\/\/encuentroinformativo.com.mx\/wp-content\/uploads\/2023\/02\/IMG-20230207-WA0127.jpg 1286w\" sizes=\"auto, (max-width: 1024px) 100vw, 1024px\" \/><\/figure>\n","protected":false},"excerpt":{"rendered":"<p>*En coordinaci\u00f3n con el DIF Municipal se hizo entrega de sillas de ruedas, andaderas, bastones y muletas. Boca del R\u00edo, Ver.- El alcalde de Boca del R\u00edo Juan Manuel Un\u00e1nue Abascal y la presidenta del DIF municipal, Melina Rivera de Un\u00e1nue, realizaron la primera entrega de aparatos funcionales de este 2023 a boque\u00f1os que m\u00e1s [&hellip;]<\/p>\n","protected":false},"author":2476,"featured_media":36463,"comment_status":"open","ping_status":"open","sticky":false,"template":"","format":"standard","meta":{"_jetpack_memberships_contains_paid_content":false,"footnotes":""},"categories":[2],"tags":[],"class_list":["post-36462","post","type-post","status-publish","format-standard","has-post-thumbnail","hentry","category-estado"],"jetpack_featured_media_url":"https:\/\/encuentroinformativo.com.mx\/wp-content\/uploads\/2023\/02\/IMG-20230207-WA01252.jpg","jetpack_sharing_enabled":true,"jetpack_likes_enabled":true,"amp_enabled":true,"_links":{"self":[{"href":"https:\/\/encuentroinformativo.com.mx\/index.php?rest_route=\/wp\/v2\/posts\/36462","targetHints":{"allow":["GET"]}}],"collection":[{"href":"https:\/\/encuentroinformativo.com.mx\/index.php?rest_route=\/wp\/v2\/posts"}],"about":[{"href":"https:\/\/encuentroinformativo.com.mx\/index.php?rest_route=\/wp\/v2\/types\/post"}],"author":[{"embeddable":true,"href":"https:\/\/encuentroinformativo.com.mx\/index.php?rest_route=\/wp\/v2\/users\/2476"}],"replies":[{"embeddable":true,"href":"https:\/\/encuentroinformativo.com.mx\/index.php?rest_route=%2Fwp%2Fv2%2Fcomments&post=36462"}],"version-history":[{"count":1,"href":"https:\/\/encuentroinformativo.com.mx\/index.php?rest_route=\/wp\/v2\/posts\/36462\/revisions"}],"predecessor-version":[{"id":36465,"href":"https:\/\/encuentroinformativo.com.mx\/index.php?rest_route=\/wp\/v2\/posts\/36462\/revisions\/36465"}],"wp:featuredmedia":[{"embeddable":true,"href":"https:\/\/encuentroinformativo.com.mx\/index.php?rest_route=\/wp\/v2\/media\/36463"}],"wp:attachment":[{"href":"https:\/\/encuentroinformativo.com.mx\/index.php?rest_route=%2Fwp%2Fv2%2Fmedia&parent=36462"}],"wp:term":[{"taxonomy":"category","embeddable":true,"href":"https:\/\/encuentroinformativo.com.mx\/index.php?rest_route=%2Fwp%2Fv2%2Fcategories&post=36462"},{"taxonomy":"post_tag","embeddable":true,"href":"https:\/\/encuentroinformativo.com.mx\/index.php?rest_route=%2Fwp%2Fv2%2Ftags&post=36462"}],"curies":[{"name":"wp","href":"https:\/\/api.w.org\/{rel}","templated":true}]}}