{"id":36480,"date":"2023-02-08T09:45:53","date_gmt":"2023-02-08T15:45:53","guid":{"rendered":"https:\/\/encuentroinformativo.com.mx\/?p=36480"},"modified":"2023-02-08T09:45:56","modified_gmt":"2023-02-08T15:45:56","slug":"fiscalia-de-orizaba-detuvo-a-dos-sujetos-por-privacion-ilegal-de-la-libertad","status":"publish","type":"post","link":"https:\/\/encuentroinformativo.com.mx\/?p=36480","title":{"rendered":"Fiscal\u00eda de Orizaba detuvo a dos sujetos por privaci\u00f3n ilegal de la libertad"},"content":{"rendered":"\n<p><strong>Alejandro \u00c1vila<\/strong><\/p>\n\n\n\n<p>Santa Ana Atzacan, Ver.- Dos personas fueron detenidas por la Fiscal\u00eda Regional de Orizaba por el presunto delito de privaci\u00f3n ilegal de la libertad en contra de un joven de 18 a\u00f1os.<\/p>\n\n\n\n<p>Cabe recordar que el pasado lunes por la noche fue asegurada una vivienda en el municipio de Santa Ana Atzacan, lugar donde se encontr\u00f3 un cad\u00e1ver que habr\u00eda sido privado de su libertad, y d\u00f3nde posteriormente se captur\u00f3 a los dos presuntos delincuentes.<\/p>\n\n\n\n<p>La vivienda que seg\u00fan vecinos fung\u00eda como Casa de Seguridad, se encuentra ubicada en la calle Oriente 4 entre Sur 7 y bulevar Carriles, en la colonia Centro del citado municipio; los presuntos delincuentes fueron identificados como Arturo &#8220;N&#8221; y Dilan Leonel &#8220;N&#8221;.<\/p>\n\n\n\n<p>Al interior de la vivienda se encontr\u00f3 el cad\u00e1ver de un joven, adem\u00e1s de armas largas y cortas, y motocicletas con reporte de robo; tienda personal de la Fuerza Civil y la Polic\u00eda Ministerial quienes procedieron a asegurar el inmueble.<\/p>\n\n\n\n<p>Autoridades de la Fiscal\u00eda Regional de Justicia del XV Distrito con sede en Orizaba, han confirmado que el masculino que fue hallado sin vida al interior de la casa de seguridad, en vida respond\u00eda al nombre de: Alessandro Hern\u00e1ndez Rosette de 18 a\u00f1os de edad y con domicilio conocido en el municipio de R\u00edo Blanco.&nbsp;<\/p>\n","protected":false},"excerpt":{"rendered":"<p>Alejandro \u00c1vila Santa Ana Atzacan, Ver.- Dos personas fueron detenidas por la Fiscal\u00eda Regional de Orizaba por el presunto delito de privaci\u00f3n ilegal de la libertad en contra de un joven de 18 a\u00f1os. Cabe recordar que el pasado lunes por la noche fue asegurada una vivienda en el municipio de Santa Ana Atzacan, lugar [&hellip;]<\/p>\n","protected":false},"author":2476,"featured_media":36481,"comment_status":"open","ping_status":"open","sticky":false,"template":"","format":"standard","meta":{"_jetpack_memberships_contains_paid_content":false,"footnotes":""},"categories":[14],"tags":[],"class_list":["post-36480","post","type-post","status-publish","format-standard","has-post-thumbnail","hentry","category-policiaca"],"jetpack_featured_media_url":"https:\/\/encuentroinformativo.com.mx\/wp-content\/uploads\/2023\/02\/IMG-20230208-WA0009.jpg","jetpack_sharing_enabled":true,"jetpack_likes_enabled":true,"amp_enabled":true,"_links":{"self":[{"href":"https:\/\/encuentroinformativo.com.mx\/index.php?rest_route=\/wp\/v2\/posts\/36480","targetHints":{"allow":["GET"]}}],"collection":[{"href":"https:\/\/encuentroinformativo.com.mx\/index.php?rest_route=\/wp\/v2\/posts"}],"about":[{"href":"https:\/\/encuentroinformativo.com.mx\/index.php?rest_route=\/wp\/v2\/types\/post"}],"author":[{"embeddable":true,"href":"https:\/\/encuentroinformativo.com.mx\/index.php?rest_route=\/wp\/v2\/users\/2476"}],"replies":[{"embeddable":true,"href":"https:\/\/encuentroinformativo.com.mx\/index.php?rest_route=%2Fwp%2Fv2%2Fcomments&post=36480"}],"version-history":[{"count":1,"href":"https:\/\/encuentroinformativo.com.mx\/index.php?rest_route=\/wp\/v2\/posts\/36480\/revisions"}],"predecessor-version":[{"id":36482,"href":"https:\/\/encuentroinformativo.com.mx\/index.php?rest_route=\/wp\/v2\/posts\/36480\/revisions\/36482"}],"wp:featuredmedia":[{"embeddable":true,"href":"https:\/\/encuentroinformativo.com.mx\/index.php?rest_route=\/wp\/v2\/media\/36481"}],"wp:attachment":[{"href":"https:\/\/encuentroinformativo.com.mx\/index.php?rest_route=%2Fwp%2Fv2%2Fmedia&parent=36480"}],"wp:term":[{"taxonomy":"category","embeddable":true,"href":"https:\/\/encuentroinformativo.com.mx\/index.php?rest_route=%2Fwp%2Fv2%2Fcategories&post=36480"},{"taxonomy":"post_tag","embeddable":true,"href":"https:\/\/encuentroinformativo.com.mx\/index.php?rest_route=%2Fwp%2Fv2%2Ftags&post=36480"}],"curies":[{"name":"wp","href":"https:\/\/api.w.org\/{rel}","templated":true}]}}