{"id":36487,"date":"2023-02-08T11:48:14","date_gmt":"2023-02-08T17:48:14","guid":{"rendered":"https:\/\/encuentroinformativo.com.mx\/?p=36487"},"modified":"2023-02-08T11:48:18","modified_gmt":"2023-02-08T17:48:18","slug":"anuncian-xalapa-cafe-y-aroma","status":"publish","type":"post","link":"https:\/\/encuentroinformativo.com.mx\/?p=36487","title":{"rendered":"Anuncian &#8220;Xalapa, caf\u00e9 y aroma&#8221;"},"content":{"rendered":"\n<p><strong>Dar\u00edo Pale <\/strong><\/p>\n\n\n\n<p>Xalapa, Ver.- La regidora Ana Cristina Hern\u00e1ndez Aburto y el encargado de la Direcci\u00f3n de Turismo Municipal, Josu\u00e9 V\u00e1zquez dieron a conocer que del 3 al 5 de marzo se llevar\u00e1 a cabo el evento &#8220;Xalapa, caf\u00e9 y aroma&#8221; en el parque Ju\u00e1rez.<\/p>\n\n\n\n<p>En conferencia de prensa dieron a conocer que el caf\u00e9 es un producto natural con presencia mundial y <strong>Xalapa forma parte de una de las regiones cafetaleras m\u00e1s importantes y consolidadas del pa\u00eds.\u00a0<\/strong><\/p>\n\n\n\n<p>&#8220;El caf\u00e9 representa una atracci\u00f3n y una experiencia tur\u00edstica para todos aquellos que nos visitan en la capital del estado&#8221;, se\u00f1alaron.<br>Se destac\u00f3 que Xalapa cuenta con varios establecimientos y barras de caf\u00e9 que se han colocado en el gusto de los turistas, por lo que la regidora detall\u00f3 que participar\u00e1n productores de caf\u00e9, establecimientos, barras y museos de caf\u00e9.\u00a0<\/p>\n\n\n\n<p>&#8220;El objetivo es generar una cultura sobre la importancia del caf\u00e9, posicionamiento de marcas, venta y comercializaci\u00f3n&#8221;, coment\u00f3.<\/p>\n\n\n\n<p>Habr\u00e1 tres pabellones, el central estar\u00e1 integrado por expositores de Xalapa y la regi\u00f3n, el lateral derecho para expositores del estado, el lateral izquierdo para los productos derivados del caf\u00e9, como artesan\u00edas y licores.<\/p>\n\n\n\n<p>Tambi\u00e9n habr\u00e1 un ciclo de conferencias y charlas, un programa art\u00edstico y un taller sobre c\u00f3mo exportar el caf\u00e9,maderas habr\u00e1 Loter\u00eda del Caf\u00e9, demostraciones de tostado, morteros, una muestra de maquinarias, entre otras.\u00a0<\/p>\n\n\n\n<p>Las bases para participar son contar con un historial de producci\u00f3n, venta y comercializaci\u00f3n del caf\u00e9, copia de c\u00e9dula de empadronamiento vigente, im\u00e1genes del producto que oferta, copia del INE del representante del establecimiento, datos de contacto, redes sociales, tel\u00e9fono, etc\u00e9tera.\u00a0<\/p>\n\n\n\n<p>Finalmente dieron a conocer que el registros se pueden hacer a partir de este mi\u00e9rcoles y hasta el 15 de febrero, a trav\u00e9s del correo electr\u00f3nico\u00a0<a rel=\"noreferrer noopener\" href=\"mailto:direccion.turismo.xalapa@gmail.com\" target=\"_blank\">direccion.turismo.xalapa@gmail.com<\/a>, la inauguraci\u00f3n ser\u00e1 el 3 de marzo a las 19 horas.<\/p>\n","protected":false},"excerpt":{"rendered":"<p>Dar\u00edo Pale Xalapa, Ver.- La regidora Ana Cristina Hern\u00e1ndez Aburto y el encargado de la Direcci\u00f3n de Turismo Municipal, Josu\u00e9 V\u00e1zquez dieron a conocer que del 3 al 5 de marzo se llevar\u00e1 a cabo el evento &#8220;Xalapa, caf\u00e9 y aroma&#8221; en el parque Ju\u00e1rez. En conferencia de prensa dieron a conocer que el caf\u00e9 [&hellip;]<\/p>\n","protected":false},"author":2476,"featured_media":36488,"comment_status":"open","ping_status":"open","sticky":false,"template":"","format":"standard","meta":{"_jetpack_memberships_contains_paid_content":false,"footnotes":""},"categories":[3],"tags":[],"class_list":["post-36487","post","type-post","status-publish","format-standard","has-post-thumbnail","hentry","category-xalapa"],"jetpack_featured_media_url":"https:\/\/encuentroinformativo.com.mx\/wp-content\/uploads\/2023\/02\/IMG-20230208-WA0042.jpg","jetpack_sharing_enabled":true,"jetpack_likes_enabled":true,"amp_enabled":true,"_links":{"self":[{"href":"https:\/\/encuentroinformativo.com.mx\/index.php?rest_route=\/wp\/v2\/posts\/36487","targetHints":{"allow":["GET"]}}],"collection":[{"href":"https:\/\/encuentroinformativo.com.mx\/index.php?rest_route=\/wp\/v2\/posts"}],"about":[{"href":"https:\/\/encuentroinformativo.com.mx\/index.php?rest_route=\/wp\/v2\/types\/post"}],"author":[{"embeddable":true,"href":"https:\/\/encuentroinformativo.com.mx\/index.php?rest_route=\/wp\/v2\/users\/2476"}],"replies":[{"embeddable":true,"href":"https:\/\/encuentroinformativo.com.mx\/index.php?rest_route=%2Fwp%2Fv2%2Fcomments&post=36487"}],"version-history":[{"count":1,"href":"https:\/\/encuentroinformativo.com.mx\/index.php?rest_route=\/wp\/v2\/posts\/36487\/revisions"}],"predecessor-version":[{"id":36489,"href":"https:\/\/encuentroinformativo.com.mx\/index.php?rest_route=\/wp\/v2\/posts\/36487\/revisions\/36489"}],"wp:featuredmedia":[{"embeddable":true,"href":"https:\/\/encuentroinformativo.com.mx\/index.php?rest_route=\/wp\/v2\/media\/36488"}],"wp:attachment":[{"href":"https:\/\/encuentroinformativo.com.mx\/index.php?rest_route=%2Fwp%2Fv2%2Fmedia&parent=36487"}],"wp:term":[{"taxonomy":"category","embeddable":true,"href":"https:\/\/encuentroinformativo.com.mx\/index.php?rest_route=%2Fwp%2Fv2%2Fcategories&post=36487"},{"taxonomy":"post_tag","embeddable":true,"href":"https:\/\/encuentroinformativo.com.mx\/index.php?rest_route=%2Fwp%2Fv2%2Ftags&post=36487"}],"curies":[{"name":"wp","href":"https:\/\/api.w.org\/{rel}","templated":true}]}}