{"id":36493,"date":"2023-02-08T11:56:50","date_gmt":"2023-02-08T17:56:50","guid":{"rendered":"https:\/\/encuentroinformativo.com.mx\/?p=36493"},"modified":"2023-02-08T11:56:54","modified_gmt":"2023-02-08T17:56:54","slug":"se-impacto-trailer-contra-viviendas-en-atzalan","status":"publish","type":"post","link":"https:\/\/encuentroinformativo.com.mx\/?p=36493","title":{"rendered":"Se impact\u00f3 tr\u00e1iler contra viviendas en Atzalan"},"content":{"rendered":"\n<p><strong>Juan Arcos <\/strong><\/p>\n\n\n\n<p>Xalapa, Ver.- Un tr\u00e1iler se qued\u00f3 sin frenos y se impact\u00f3 contra tres viviendas y dos veh\u00edculos en el municipio de Atzalan, ubicado en la regi\u00f3n central del estado de Veracruz, a unos 45 kil\u00f3metros de la ciudad de Xalapa.<\/p>\n\n\n\n<p>Los hechos ocurrieron alrededor de las 5:30 de la madrugada de este mi\u00e9rcoles 8 de febrero, sobre la carretera Atzalan-Tlapacoyan, a la altura del lugar conocido como \u201cEl Reloj, en la zona centro de dicho municipio.<\/p>\n\n\n\n<p>De acuerdo con informaci\u00f3n de la Secretar\u00eda de Protecci\u00f3n Civil (PC), a cargo de Guadalupe Osorno Maldonado, no hay reporte de personas lesionadas, solo da\u00f1os materiales.<\/p>\n\n\n\n<p>Los vecinos reportaron este accidente al n\u00famero de emergencia 911 para solicitar la presencia de rescatistas y autoridades para la atenci\u00f3n correspondiente.<\/p>\n\n\n\n<p>La circulaci\u00f3n vehicular fue cerrada de manera parcial con direcci\u00f3n a los municipios de Altotonga y Tlapacoyan, mientras se llevan a cabo las maniobras para el retiro de esta unidad de carga pesada.<\/p>\n\n\n\n<p>Los cuerpos de auxilio se encuentran en lugar del siniestro para brindar la atenci\u00f3n necesaria, en esta zona donde han sido constantes los accidentes de camiones de carga.<\/p>\n\n\n\n<p>Se presume que el tr\u00e1iler transportaba cebollas y otras verduras con direcci\u00f3n a la ciudad de Xalapa.<\/p>\n\n\n\n<figure class=\"wp-block-image size-large\"><img loading=\"lazy\" decoding=\"async\" width=\"1024\" height=\"768\" src=\"https:\/\/encuentroinformativo.com.mx\/wp-content\/uploads\/2023\/02\/7bb77791-4ce2-4a35-9a24-7629dd7fc174-1024x768.jpg\" alt=\"\" class=\"wp-image-36495\" srcset=\"https:\/\/encuentroinformativo.com.mx\/wp-content\/uploads\/2023\/02\/7bb77791-4ce2-4a35-9a24-7629dd7fc174-1024x768.jpg 1024w, https:\/\/encuentroinformativo.com.mx\/wp-content\/uploads\/2023\/02\/7bb77791-4ce2-4a35-9a24-7629dd7fc174-300x225.jpg 300w, https:\/\/encuentroinformativo.com.mx\/wp-content\/uploads\/2023\/02\/7bb77791-4ce2-4a35-9a24-7629dd7fc174-768x576.jpg 768w, https:\/\/encuentroinformativo.com.mx\/wp-content\/uploads\/2023\/02\/7bb77791-4ce2-4a35-9a24-7629dd7fc174.jpg 1200w\" sizes=\"auto, (max-width: 1024px) 100vw, 1024px\" \/><\/figure>\n","protected":false},"excerpt":{"rendered":"<p>Juan Arcos Xalapa, Ver.- Un tr\u00e1iler se qued\u00f3 sin frenos y se impact\u00f3 contra tres viviendas y dos veh\u00edculos en el municipio de Atzalan, ubicado en la regi\u00f3n central del estado de Veracruz, a unos 45 kil\u00f3metros de la ciudad de Xalapa. Los hechos ocurrieron alrededor de las 5:30 de la madrugada de este mi\u00e9rcoles [&hellip;]<\/p>\n","protected":false},"author":2476,"featured_media":36494,"comment_status":"open","ping_status":"open","sticky":false,"template":"","format":"standard","meta":{"_jetpack_memberships_contains_paid_content":false,"footnotes":""},"categories":[2],"tags":[],"class_list":["post-36493","post","type-post","status-publish","format-standard","has-post-thumbnail","hentry","category-estado"],"jetpack_featured_media_url":"https:\/\/encuentroinformativo.com.mx\/wp-content\/uploads\/2023\/02\/825e8bd3-fd93-406d-961f-ebe9ed7090a9.jpg","jetpack_sharing_enabled":true,"jetpack_likes_enabled":true,"amp_enabled":true,"_links":{"self":[{"href":"https:\/\/encuentroinformativo.com.mx\/index.php?rest_route=\/wp\/v2\/posts\/36493","targetHints":{"allow":["GET"]}}],"collection":[{"href":"https:\/\/encuentroinformativo.com.mx\/index.php?rest_route=\/wp\/v2\/posts"}],"about":[{"href":"https:\/\/encuentroinformativo.com.mx\/index.php?rest_route=\/wp\/v2\/types\/post"}],"author":[{"embeddable":true,"href":"https:\/\/encuentroinformativo.com.mx\/index.php?rest_route=\/wp\/v2\/users\/2476"}],"replies":[{"embeddable":true,"href":"https:\/\/encuentroinformativo.com.mx\/index.php?rest_route=%2Fwp%2Fv2%2Fcomments&post=36493"}],"version-history":[{"count":1,"href":"https:\/\/encuentroinformativo.com.mx\/index.php?rest_route=\/wp\/v2\/posts\/36493\/revisions"}],"predecessor-version":[{"id":36496,"href":"https:\/\/encuentroinformativo.com.mx\/index.php?rest_route=\/wp\/v2\/posts\/36493\/revisions\/36496"}],"wp:featuredmedia":[{"embeddable":true,"href":"https:\/\/encuentroinformativo.com.mx\/index.php?rest_route=\/wp\/v2\/media\/36494"}],"wp:attachment":[{"href":"https:\/\/encuentroinformativo.com.mx\/index.php?rest_route=%2Fwp%2Fv2%2Fmedia&parent=36493"}],"wp:term":[{"taxonomy":"category","embeddable":true,"href":"https:\/\/encuentroinformativo.com.mx\/index.php?rest_route=%2Fwp%2Fv2%2Fcategories&post=36493"},{"taxonomy":"post_tag","embeddable":true,"href":"https:\/\/encuentroinformativo.com.mx\/index.php?rest_route=%2Fwp%2Fv2%2Ftags&post=36493"}],"curies":[{"name":"wp","href":"https:\/\/api.w.org\/{rel}","templated":true}]}}