{"id":36497,"date":"2023-02-08T12:44:50","date_gmt":"2023-02-08T18:44:50","guid":{"rendered":"https:\/\/encuentroinformativo.com.mx\/?p=36497"},"modified":"2023-02-08T12:44:55","modified_gmt":"2023-02-08T18:44:55","slug":"falta-vision-para-conformar-cooperativas-reconoce-desarrollo-economico","status":"publish","type":"post","link":"https:\/\/encuentroinformativo.com.mx\/?p=36497","title":{"rendered":"Falta visi\u00f3n para conformar cooperativas, reconoce Desarrollo Econ\u00f3mico"},"content":{"rendered":"\n<p><strong>Dar\u00edo Pale <\/strong><\/p>\n\n\n\n<p>Xalapa, Ver.- Jos\u00e9 Pi\u00f1ero Mart\u00ednez, subdirector de Innovaci\u00f3n y Econom\u00eda Solidaria de la Direcci\u00f3n de Desarrollo Econ\u00f3mico del Ayuntamiento de Xalapa, dio a conocer que las cooperativas en Xalapa fracasan porque &#8220;no vieron m\u00e1s alla&#8221;.<\/p>\n\n\n\n<p>En entrevista se\u00f1al\u00f3 que muchas cooperativas fracasan en Xalapa porque &#8220;no vieron m\u00e1s all\u00e1&#8221;, a pesar de que reciben capacitaci\u00f3n en materia jur\u00eddica y de contabilidad, destac\u00f3 que a los emprendedores de Xalapa se les brinda capacitaci\u00f3n, cursos b\u00e1sicos, incluyendo contabilidad, as\u00ed como temas legales.\u00a0<\/p>\n\n\n\n<p>&#8220;En el caso de que son personas que les cuesta trabajo tener acceso a mercados sofisticados, se conforman en cooperativas, se les apoya, es gratuito el tema de la constituci\u00f3n y se le brinda asesor\u00eda para que puedan facturar y accedan a todos los servicios&#8221;, se\u00f1al\u00f3.<\/p>\n\n\n\n<p>En ese contexto, destac\u00f3 que se est\u00e1 apoyando el tema del caf\u00e9 y del lim\u00f3n, porque son los productos que se siembran en las \u00e1reas rurales de Xalapa.<\/p>\n\n\n\n<p>&#8220;Se han dado apoyos a peque\u00f1os artesanos, nos brinda mucho apoyo la Sedecop en el tema de capacitaci\u00f3n&#8221;, coment\u00f3.<\/p>\n\n\n\n<p>Con relaci\u00f3n a las cooperativas, el funcionario municipal explic\u00f3 que no es un tema f\u00e1cil, porque muchas veces se les apoya para que se constituyan y fracasan porque &#8220;no vieron m\u00e1s all\u00e1&#8221;.<\/p>\n\n\n\n<p>&#8220;Hay que ponerles en el escenario que en alg\u00fan momento tienen que pasar a la formalidad, as\u00ed como tienen beneficios, tienen obligaciones que cumplir&#8221;, inform\u00f3.<\/p>\n\n\n\n<p>Puso como ejemplo que en ocasiones no contrataron un despacho que les llevara la contabilidad y comienzan los &#8220;tropezones&#8221;.\u00a0<\/p>\n\n\n\n<p>Finalmente, indic\u00f3 que se busca concienciarlos para que accedan a los mercados con mayor facilidad.<\/p>\n","protected":false},"excerpt":{"rendered":"<p>Dar\u00edo Pale Xalapa, Ver.- Jos\u00e9 Pi\u00f1ero Mart\u00ednez, subdirector de Innovaci\u00f3n y Econom\u00eda Solidaria de la Direcci\u00f3n de Desarrollo Econ\u00f3mico del Ayuntamiento de Xalapa, dio a conocer que las cooperativas en Xalapa fracasan porque &#8220;no vieron m\u00e1s alla&#8221;. En entrevista se\u00f1al\u00f3 que muchas cooperativas fracasan en Xalapa porque &#8220;no vieron m\u00e1s all\u00e1&#8221;, a pesar de que [&hellip;]<\/p>\n","protected":false},"author":2476,"featured_media":36498,"comment_status":"open","ping_status":"open","sticky":false,"template":"","format":"standard","meta":{"_jetpack_memberships_contains_paid_content":false,"footnotes":""},"categories":[3],"tags":[],"class_list":["post-36497","post","type-post","status-publish","format-standard","has-post-thumbnail","hentry","category-xalapa"],"jetpack_featured_media_url":"https:\/\/encuentroinformativo.com.mx\/wp-content\/uploads\/2023\/02\/IMG-20230208-WA00462.jpg","jetpack_sharing_enabled":true,"jetpack_likes_enabled":true,"amp_enabled":true,"_links":{"self":[{"href":"https:\/\/encuentroinformativo.com.mx\/index.php?rest_route=\/wp\/v2\/posts\/36497","targetHints":{"allow":["GET"]}}],"collection":[{"href":"https:\/\/encuentroinformativo.com.mx\/index.php?rest_route=\/wp\/v2\/posts"}],"about":[{"href":"https:\/\/encuentroinformativo.com.mx\/index.php?rest_route=\/wp\/v2\/types\/post"}],"author":[{"embeddable":true,"href":"https:\/\/encuentroinformativo.com.mx\/index.php?rest_route=\/wp\/v2\/users\/2476"}],"replies":[{"embeddable":true,"href":"https:\/\/encuentroinformativo.com.mx\/index.php?rest_route=%2Fwp%2Fv2%2Fcomments&post=36497"}],"version-history":[{"count":1,"href":"https:\/\/encuentroinformativo.com.mx\/index.php?rest_route=\/wp\/v2\/posts\/36497\/revisions"}],"predecessor-version":[{"id":36499,"href":"https:\/\/encuentroinformativo.com.mx\/index.php?rest_route=\/wp\/v2\/posts\/36497\/revisions\/36499"}],"wp:featuredmedia":[{"embeddable":true,"href":"https:\/\/encuentroinformativo.com.mx\/index.php?rest_route=\/wp\/v2\/media\/36498"}],"wp:attachment":[{"href":"https:\/\/encuentroinformativo.com.mx\/index.php?rest_route=%2Fwp%2Fv2%2Fmedia&parent=36497"}],"wp:term":[{"taxonomy":"category","embeddable":true,"href":"https:\/\/encuentroinformativo.com.mx\/index.php?rest_route=%2Fwp%2Fv2%2Fcategories&post=36497"},{"taxonomy":"post_tag","embeddable":true,"href":"https:\/\/encuentroinformativo.com.mx\/index.php?rest_route=%2Fwp%2Fv2%2Ftags&post=36497"}],"curies":[{"name":"wp","href":"https:\/\/api.w.org\/{rel}","templated":true}]}}