{"id":36502,"date":"2023-02-08T13:16:36","date_gmt":"2023-02-08T19:16:36","guid":{"rendered":"https:\/\/encuentroinformativo.com.mx\/?p=36502"},"modified":"2023-02-08T13:16:39","modified_gmt":"2023-02-08T19:16:39","slug":"por-falta-de-dialogo-emplazan-a-huelga-en-ayuntamiento-de-coatepec","status":"publish","type":"post","link":"https:\/\/encuentroinformativo.com.mx\/?p=36502","title":{"rendered":"Por falta de di\u00e1logo, emplazan a huelga  en Ayuntamiento de Coatepec"},"content":{"rendered":"\n<p><strong>Juan Arcos <\/strong><\/p>\n\n\n\n<p>Coatepec, Ver.- Empleados sindicalizados del ayuntamiento de Coatepec emplazaron a huelga para el 16 de febrero por no tener soluci\u00f3n a sus demandas y por la falta de di\u00e1logo con el alcalde Raymundo Andrade Rivera.<\/p>\n\n\n\n<p>As\u00ed lo revel\u00f3 el secretario general del Sindicato \u00danico de Trabajadores al Servicio del Municipio de Coatepec, Jos\u00e9 Luis Hern\u00e1ndez Hern\u00e1ndez, quien a\u00f1adi\u00f3 que est\u00e1n solicitando un incremento salarial y que se respete el contrato colectivo de trabajo.<\/p>\n\n\n\n<p>La ma\u00f1ana de este mi\u00e9rcoles 8 de febrero, empleados que barren las calles de la ciudad y dem\u00e1s personal sindicalizado colocaron cartulinas para exhibir la situaci\u00f3n que no se ha cumplido por parte de las autoridades municipales.<\/p>\n\n\n\n<p>&#8220;Empieza el nuevo a\u00f1o y es otro ejercicio, tambi\u00e9n exigimos el aumento salarial conforme a derecho y desafortunadamente la persona a cargo que le delegaron el tema del sindicato, que es Arturo L\u00f3pez Ortega lleg\u00f3 muy tajante a no negociar\u201d, apunt\u00f3.<\/p>\n\n\n\n<p>El l\u00edder sindical record\u00f3 que en octubre pasado se hicieron modificaciones generales a sus condiciones laborales, mismas que a la fecha no se han cumplido, como la prestaci\u00f3n de lentes para empleados e hijos.<\/p>\n\n\n\n<p>Otra m\u00e1s es la modalidad en el registro del Instituto Mexicano del Seguro Social (IMSS) donde los tienen de alta con un salario muy bajo, adem\u00e1s de s\u00f3lo tener acceso a un doctor particular y una farmacia que les dote medicamento.<\/p>\n\n\n\n<p>\u201cSon cosas desde el 2004 que a la fecha, han sido 19 a\u00f1os que vienen y hoy nos las violentan. Entonces no se nos hace justo que hoy vengan por desconocimiento o por no s\u00e9 cu\u00e1l sea el tema, no quieran cumplir con lo ya ganado desde hace muchos a\u00f1os u otorgado al sindicato\u201d, expres\u00f3.<\/p>\n\n\n\n<p>El entrevistado detall\u00f3 que el Presidente Municipal no ha mostrado disposici\u00f3n para solucionar la situaci\u00f3n que ya se exhibe en calles de la ciudad, pues el cami\u00f3n recolector de basura no ha pasado en varias colonias del Pueblo M\u00e1gico.<\/p>\n\n\n\n<p>&#8220;Nos duele que no haya inter\u00e9s por parte de las autoridades correspondientes, \u00e9sta es una acci\u00f3n legal y que llame la atenci\u00f3n a quien tenga que venir a resolver el tema\u201d, refiri\u00f3.<\/p>\n\n\n\n<p>Se tiene programada una reuni\u00f3n para el lunes 13 de febrero con autoridades municipales y el sindicato, pero si no acuden, estallar\u00eda la huelga el pr\u00f3ximo jueves 16 de febrero.<\/p>\n\n\n\n<figure class=\"wp-block-image size-large\"><img loading=\"lazy\" decoding=\"async\" width=\"897\" height=\"673\" src=\"https:\/\/encuentroinformativo.com.mx\/wp-content\/uploads\/2023\/02\/b6d9da02-c74c-43c1-a6cc-9cd87dd745f8.jpg\" alt=\"\" class=\"wp-image-36504\" srcset=\"https:\/\/encuentroinformativo.com.mx\/wp-content\/uploads\/2023\/02\/b6d9da02-c74c-43c1-a6cc-9cd87dd745f8.jpg 897w, https:\/\/encuentroinformativo.com.mx\/wp-content\/uploads\/2023\/02\/b6d9da02-c74c-43c1-a6cc-9cd87dd745f8-300x225.jpg 300w, https:\/\/encuentroinformativo.com.mx\/wp-content\/uploads\/2023\/02\/b6d9da02-c74c-43c1-a6cc-9cd87dd745f8-768x576.jpg 768w\" sizes=\"auto, (max-width: 897px) 100vw, 897px\" \/><\/figure>\n","protected":false},"excerpt":{"rendered":"<p>Juan Arcos Coatepec, Ver.- Empleados sindicalizados del ayuntamiento de Coatepec emplazaron a huelga para el 16 de febrero por no tener soluci\u00f3n a sus demandas y por la falta de di\u00e1logo con el alcalde Raymundo Andrade Rivera. As\u00ed lo revel\u00f3 el secretario general del Sindicato \u00danico de Trabajadores al Servicio del Municipio de Coatepec, Jos\u00e9 [&hellip;]<\/p>\n","protected":false},"author":2476,"featured_media":36503,"comment_status":"open","ping_status":"open","sticky":false,"template":"","format":"standard","meta":{"_jetpack_memberships_contains_paid_content":false,"footnotes":""},"categories":[8],"tags":[],"class_list":["post-36502","post","type-post","status-publish","format-standard","has-post-thumbnail","hentry","category-region"],"jetpack_featured_media_url":"https:\/\/encuentroinformativo.com.mx\/wp-content\/uploads\/2023\/02\/c930fda1-9394-45c0-96b4-1a90e5d28c03.jpg","jetpack_sharing_enabled":true,"jetpack_likes_enabled":true,"amp_enabled":true,"_links":{"self":[{"href":"https:\/\/encuentroinformativo.com.mx\/index.php?rest_route=\/wp\/v2\/posts\/36502","targetHints":{"allow":["GET"]}}],"collection":[{"href":"https:\/\/encuentroinformativo.com.mx\/index.php?rest_route=\/wp\/v2\/posts"}],"about":[{"href":"https:\/\/encuentroinformativo.com.mx\/index.php?rest_route=\/wp\/v2\/types\/post"}],"author":[{"embeddable":true,"href":"https:\/\/encuentroinformativo.com.mx\/index.php?rest_route=\/wp\/v2\/users\/2476"}],"replies":[{"embeddable":true,"href":"https:\/\/encuentroinformativo.com.mx\/index.php?rest_route=%2Fwp%2Fv2%2Fcomments&post=36502"}],"version-history":[{"count":1,"href":"https:\/\/encuentroinformativo.com.mx\/index.php?rest_route=\/wp\/v2\/posts\/36502\/revisions"}],"predecessor-version":[{"id":36505,"href":"https:\/\/encuentroinformativo.com.mx\/index.php?rest_route=\/wp\/v2\/posts\/36502\/revisions\/36505"}],"wp:featuredmedia":[{"embeddable":true,"href":"https:\/\/encuentroinformativo.com.mx\/index.php?rest_route=\/wp\/v2\/media\/36503"}],"wp:attachment":[{"href":"https:\/\/encuentroinformativo.com.mx\/index.php?rest_route=%2Fwp%2Fv2%2Fmedia&parent=36502"}],"wp:term":[{"taxonomy":"category","embeddable":true,"href":"https:\/\/encuentroinformativo.com.mx\/index.php?rest_route=%2Fwp%2Fv2%2Fcategories&post=36502"},{"taxonomy":"post_tag","embeddable":true,"href":"https:\/\/encuentroinformativo.com.mx\/index.php?rest_route=%2Fwp%2Fv2%2Ftags&post=36502"}],"curies":[{"name":"wp","href":"https:\/\/api.w.org\/{rel}","templated":true}]}}