{"id":36509,"date":"2023-02-08T14:05:40","date_gmt":"2023-02-08T20:05:40","guid":{"rendered":"https:\/\/encuentroinformativo.com.mx\/?p=36509"},"modified":"2023-02-08T14:05:44","modified_gmt":"2023-02-08T20:05:44","slug":"dado-de-alta-trabajador-lesionado-por-obras-en-el-pirata","status":"publish","type":"post","link":"https:\/\/encuentroinformativo.com.mx\/?p=36509","title":{"rendered":"Dado de alta trabajador lesionado por obras en el &#8220;Pirata&#8221;"},"content":{"rendered":"\n<p><strong>Alejandro \u00c1vila<\/strong><\/p>\n\n\n\n<p>Boca del R\u00edo, Ver.- El trabajador que result\u00f3 lesionado la madrugada de este mi\u00e9rcoles cuando se realizaba el retiro de un pedazo de la estructura del estadio Luis &#8220;Pirata&#8221; de la Fuente, ya fue dado de alta y podr\u00e1 continuar con sus labores en el turno nocturno de este mismo mi\u00e9rcoles, confirmo el director de Protecci\u00f3n Civil de Boca del R\u00edo, Jorge Rojas.<\/p>\n\n\n\n<p>El funcionario municipal reconoci\u00f3 qu\u00e9 el primer reporte que hicieron al 911 alertaba sobre un derrumbe de la estructura y personas sepultadas; sin embargo, al llegar al lugar, confirmaron que solo una persona result\u00f3 con peque\u00f1as contusiones, gracias a que llevaba su equipo de protecci\u00f3n personal.<\/p>\n\n\n\n<p>&#8220;La persona fue inmediatamente valorada y atendida por personal de Bomberos Conurbados, ya el d\u00eda de hoy despu\u00e9s de hacer una revisi\u00f3n al plan de trabajo y a las condiciones del inmueble, pues se han retomado nuevamente las actividades, por el evento del &#8216;norte&#8217; el trabajo de las gr\u00faas no se estar\u00e1 llevando a cabo, por lo menos de aqu\u00ed al domingo, sin embargo si se van a continuar realizando las actividades a nivel de piso&#8221;, destac\u00f3.<\/p>\n\n\n\n<p>Jorge Rojas dijo que al intentar retirar la estructura con la gr\u00faa el trozo de cemento hizo una especie de p\u00e9ndulo, lo cual provoc\u00f3 qu\u00e9 se impactar\u00e1 con otro y salpicar\u00e1 al trabajador que result\u00f3 con algunas contusiones.<\/p>\n\n\n\n<p>&#8220;Gracias a que hay un plan de trabajo, gracias a que todo el personal que est\u00e1 involucrado ocupa su equipo de protecci\u00f3n personal, y a qu\u00e9 se siguen los diferentes procedimientos de seguridad, y como en toda obra o proyecto de esta magnitud existe siempre el riesgo de que el personal puede sufrir alg\u00fan tipo de lesi\u00f3n, sin embargo, pues no hay nada que lamentar, no hay ning\u00fan tipo de lesi\u00f3n de gravedad, de hecho la persona ya fue valorada, ya fue dada de alta, y en pr\u00f3ximas horas ya estar\u00e1 reincorpor\u00e1ndose a su turno&#8221;, puntualiz\u00f3.<\/p>\n","protected":false},"excerpt":{"rendered":"<p>Alejandro \u00c1vila Boca del R\u00edo, Ver.- El trabajador que result\u00f3 lesionado la madrugada de este mi\u00e9rcoles cuando se realizaba el retiro de un pedazo de la estructura del estadio Luis &#8220;Pirata&#8221; de la Fuente, ya fue dado de alta y podr\u00e1 continuar con sus labores en el turno nocturno de este mismo mi\u00e9rcoles, confirmo el [&hellip;]<\/p>\n","protected":false},"author":2476,"featured_media":36510,"comment_status":"open","ping_status":"open","sticky":false,"template":"","format":"standard","meta":{"_jetpack_memberships_contains_paid_content":false,"footnotes":""},"categories":[2],"tags":[],"class_list":["post-36509","post","type-post","status-publish","format-standard","has-post-thumbnail","hentry","category-estado"],"jetpack_featured_media_url":"https:\/\/encuentroinformativo.com.mx\/wp-content\/uploads\/2023\/02\/IMG-20230208-WA0061.jpg","jetpack_sharing_enabled":true,"jetpack_likes_enabled":true,"amp_enabled":true,"_links":{"self":[{"href":"https:\/\/encuentroinformativo.com.mx\/index.php?rest_route=\/wp\/v2\/posts\/36509","targetHints":{"allow":["GET"]}}],"collection":[{"href":"https:\/\/encuentroinformativo.com.mx\/index.php?rest_route=\/wp\/v2\/posts"}],"about":[{"href":"https:\/\/encuentroinformativo.com.mx\/index.php?rest_route=\/wp\/v2\/types\/post"}],"author":[{"embeddable":true,"href":"https:\/\/encuentroinformativo.com.mx\/index.php?rest_route=\/wp\/v2\/users\/2476"}],"replies":[{"embeddable":true,"href":"https:\/\/encuentroinformativo.com.mx\/index.php?rest_route=%2Fwp%2Fv2%2Fcomments&post=36509"}],"version-history":[{"count":1,"href":"https:\/\/encuentroinformativo.com.mx\/index.php?rest_route=\/wp\/v2\/posts\/36509\/revisions"}],"predecessor-version":[{"id":36511,"href":"https:\/\/encuentroinformativo.com.mx\/index.php?rest_route=\/wp\/v2\/posts\/36509\/revisions\/36511"}],"wp:featuredmedia":[{"embeddable":true,"href":"https:\/\/encuentroinformativo.com.mx\/index.php?rest_route=\/wp\/v2\/media\/36510"}],"wp:attachment":[{"href":"https:\/\/encuentroinformativo.com.mx\/index.php?rest_route=%2Fwp%2Fv2%2Fmedia&parent=36509"}],"wp:term":[{"taxonomy":"category","embeddable":true,"href":"https:\/\/encuentroinformativo.com.mx\/index.php?rest_route=%2Fwp%2Fv2%2Fcategories&post=36509"},{"taxonomy":"post_tag","embeddable":true,"href":"https:\/\/encuentroinformativo.com.mx\/index.php?rest_route=%2Fwp%2Fv2%2Ftags&post=36509"}],"curies":[{"name":"wp","href":"https:\/\/api.w.org\/{rel}","templated":true}]}}