{"id":36515,"date":"2023-02-08T14:56:15","date_gmt":"2023-02-08T20:56:15","guid":{"rendered":"https:\/\/encuentroinformativo.com.mx\/?p=36515"},"modified":"2023-02-08T14:56:19","modified_gmt":"2023-02-08T20:56:19","slug":"conductores-denuncian-anomalias-en-transito-de-veracruz-puerto","status":"publish","type":"post","link":"https:\/\/encuentroinformativo.com.mx\/?p=36515","title":{"rendered":"Conductores denuncian anomal\u00edas en Tr\u00e1nsito de Veracruz Puerto"},"content":{"rendered":"\n<p><strong>Juan Arcos <\/strong><\/p>\n\n\n\n<p>Veracruz, Ver.- Conductores denunciaron anomal\u00edas y malos tratos por parte de la Direcci\u00f3n de Tr\u00e1nsito y Vialidad del ayuntamiento de Veracruz.<\/p>\n\n\n\n<p>La gente acus\u00f3 que la dependencia realiza operativos en distintas zonas de la ciudad, como si se tratase de una medida recaudatoria.<\/p>\n\n\n\n<p>De acuerdo con Manuel Mendoza Aguilar, por una infracci\u00f3n \u201cm\u00ednima\u201d los hicieron perder toda la ma\u00f1ana o gran parte de la tarde, en algunos casos.<\/p>\n\n\n\n<p>Indic\u00f3 que durante el martes 7 de febrero llovieron quejas a las autoridades correspondientes.<\/p>\n\n\n\n<p>Se concentraron m\u00e1s de 15 personas en las oficinas ubicadas sobre la calle Vicente Guerrero esquina con Jos\u00e9 Montesinos, en las zonas centro del puerto jarocho, donde denunciaron abusos.<\/p>\n\n\n\n<p>Algunos conductores son for\u00e1neos, con placas de circulaci\u00f3n de otras entidades federativas, quieres acudieron a la delegaci\u00f3n para el pago inmediato de su infracci\u00f3n.<\/p>\n\n\n\n<p>Sin embargo, despu\u00e9s de cubrir el monto correspondiente por la violaci\u00f3n del Reglamento de Tr\u00e1nsito, la gente tuvo que esperar durante horas para que le entregaran su licencia de conducir.<\/p>\n\n\n\n<p>Coincidieron que lo anterior es injusto, toda vez que las actividades que ten\u00edan programas durante el d\u00eda se vieron muy afectadas por dicha situaci\u00f3n.<\/p>\n\n\n\n<p>Los elementos de tr\u00e1nsito montaron un ret\u00e9n sobre la avenida Fidel Vel\u00e1zquez, mejor conocida como \u201cLa costera\u201d, donde detuvieron a varios conductores por distintos motivos, como exceder el l\u00edmite de velocidad permitido.<\/p>\n\n\n\n<figure class=\"wp-block-image size-large\"><img loading=\"lazy\" decoding=\"async\" width=\"1024\" height=\"768\" src=\"https:\/\/encuentroinformativo.com.mx\/wp-content\/uploads\/2023\/02\/f685e869-2fb7-42be-b893-c4d689d63ab4-1024x768.jpg\" alt=\"\" class=\"wp-image-36517\" srcset=\"https:\/\/encuentroinformativo.com.mx\/wp-content\/uploads\/2023\/02\/f685e869-2fb7-42be-b893-c4d689d63ab4-1024x768.jpg 1024w, https:\/\/encuentroinformativo.com.mx\/wp-content\/uploads\/2023\/02\/f685e869-2fb7-42be-b893-c4d689d63ab4-300x225.jpg 300w, https:\/\/encuentroinformativo.com.mx\/wp-content\/uploads\/2023\/02\/f685e869-2fb7-42be-b893-c4d689d63ab4-768x576.jpg 768w, https:\/\/encuentroinformativo.com.mx\/wp-content\/uploads\/2023\/02\/f685e869-2fb7-42be-b893-c4d689d63ab4-1536x1152.jpg 1536w, https:\/\/encuentroinformativo.com.mx\/wp-content\/uploads\/2023\/02\/f685e869-2fb7-42be-b893-c4d689d63ab4.jpg 1600w\" sizes=\"auto, (max-width: 1024px) 100vw, 1024px\" \/><\/figure>\n","protected":false},"excerpt":{"rendered":"<p>Juan Arcos Veracruz, Ver.- Conductores denunciaron anomal\u00edas y malos tratos por parte de la Direcci\u00f3n de Tr\u00e1nsito y Vialidad del ayuntamiento de Veracruz. La gente acus\u00f3 que la dependencia realiza operativos en distintas zonas de la ciudad, como si se tratase de una medida recaudatoria. De acuerdo con Manuel Mendoza Aguilar, por una infracci\u00f3n \u201cm\u00ednima\u201d [&hellip;]<\/p>\n","protected":false},"author":2476,"featured_media":36516,"comment_status":"open","ping_status":"open","sticky":false,"template":"","format":"standard","meta":{"_jetpack_memberships_contains_paid_content":false,"footnotes":""},"categories":[2],"tags":[],"class_list":["post-36515","post","type-post","status-publish","format-standard","has-post-thumbnail","hentry","category-estado"],"jetpack_featured_media_url":"https:\/\/encuentroinformativo.com.mx\/wp-content\/uploads\/2023\/02\/0d49dfcb-121e-48ab-adbd-4521a9b15d0d2.jpg","jetpack_sharing_enabled":true,"jetpack_likes_enabled":true,"amp_enabled":true,"_links":{"self":[{"href":"https:\/\/encuentroinformativo.com.mx\/index.php?rest_route=\/wp\/v2\/posts\/36515","targetHints":{"allow":["GET"]}}],"collection":[{"href":"https:\/\/encuentroinformativo.com.mx\/index.php?rest_route=\/wp\/v2\/posts"}],"about":[{"href":"https:\/\/encuentroinformativo.com.mx\/index.php?rest_route=\/wp\/v2\/types\/post"}],"author":[{"embeddable":true,"href":"https:\/\/encuentroinformativo.com.mx\/index.php?rest_route=\/wp\/v2\/users\/2476"}],"replies":[{"embeddable":true,"href":"https:\/\/encuentroinformativo.com.mx\/index.php?rest_route=%2Fwp%2Fv2%2Fcomments&post=36515"}],"version-history":[{"count":1,"href":"https:\/\/encuentroinformativo.com.mx\/index.php?rest_route=\/wp\/v2\/posts\/36515\/revisions"}],"predecessor-version":[{"id":36518,"href":"https:\/\/encuentroinformativo.com.mx\/index.php?rest_route=\/wp\/v2\/posts\/36515\/revisions\/36518"}],"wp:featuredmedia":[{"embeddable":true,"href":"https:\/\/encuentroinformativo.com.mx\/index.php?rest_route=\/wp\/v2\/media\/36516"}],"wp:attachment":[{"href":"https:\/\/encuentroinformativo.com.mx\/index.php?rest_route=%2Fwp%2Fv2%2Fmedia&parent=36515"}],"wp:term":[{"taxonomy":"category","embeddable":true,"href":"https:\/\/encuentroinformativo.com.mx\/index.php?rest_route=%2Fwp%2Fv2%2Fcategories&post=36515"},{"taxonomy":"post_tag","embeddable":true,"href":"https:\/\/encuentroinformativo.com.mx\/index.php?rest_route=%2Fwp%2Fv2%2Ftags&post=36515"}],"curies":[{"name":"wp","href":"https:\/\/api.w.org\/{rel}","templated":true}]}}