{"id":3652,"date":"2020-06-26T09:21:31","date_gmt":"2020-06-26T14:21:31","guid":{"rendered":"https:\/\/encuentroinformativo.com\/?p=3652"},"modified":"2020-06-26T09:21:35","modified_gmt":"2020-06-26T14:21:35","slug":"iberdrola-todo-pinta-que-no-pasaran-en-tuxpan-y-falta-ver-si-dan-obra-a-sindicatos","status":"publish","type":"post","link":"https:\/\/encuentroinformativo.com.mx\/?p=3652","title":{"rendered":"IBERDROLA: TODO PINTA QUE NO PASAR\u00c1N EN TUXPAN\u2026 Y FALTA VER SI DAN OBRA A SINDICATOS"},"content":{"rendered":"\n<ul class=\"wp-block-list\"><li>Inter\u00e9s por Julen desde el Altiplano.<\/li><li>Se deslindan due\u00f1os de bares de &#8220;manifestaci\u00f3n&#8221; por Ley Seca.<\/li><li>Alcaldes con Covid-19.<\/li><\/ul>\n\n\n\n<p>Qu\u00e9 taraditos se ven compartiendo que los term\u00f3metros de luz da\u00f1an las neuronas. De por s\u00ed las tienen da\u00f1adas.<br>\n&#8211;Chopenjawer<\/p>\n\n\n\n<p>El tema de la empresa espa\u00f1ola Iberdrola sigui\u00f3 marcando la agenda de la mitad de la semana, a partir de la publicaci\u00f3n, en el diario Reforma, de una entrevista realizada al alcalde panista de Tuxpan, Juan Antonio Aguilar Mancha, quien lamenta el hecho de que la multinacional retirar\u00eda la inversi\u00f3n de mil 200 millones de d\u00f3lares de ese municipio.<\/p>\n\n\n\n<p>Horas m\u00e1s tarde, le enmendar\u00edan la plana aclarando que no se cancelaba la obra, sino que cambiar\u00eda de operador: Iberdrola quedar\u00eda fuera y la Comisi\u00f3n Federal de Electricidad (CFE) lanzar\u00eda una nueva licitaci\u00f3n para ver qui\u00e9n construir\u00eda la central t\u00e9rmica de ciclo combinado.<\/p>\n\n\n\n<p>Fue el mismo gobernador Cuitl\u00e1huac Garc\u00eda Jim\u00e9nez quien v\u00eda redes sociales afirm\u00f3: &#8220;Desde ac\u00e1 por Tempoal me comuniqu\u00e9 con nuestra amiga Roc\u00edo Nahle, Sria. de Energ\u00eda, y me ha confirmado que el proyecto para Tuxpan se mantiene, pero que es de la @CFEmx y la empresa del estado licitar\u00e1 su construcci\u00f3n donde empresas veracruzanas tendr\u00e1n la oportunidad de trabajar&#8221;. Es decir, Iberdrola quedar\u00eda fuera, al menos, de la obra de Tuxpan.<\/p>\n\n\n\n<p>De hecho, l\u00edderes sindicales de la regi\u00f3n se extra\u00f1aron ante las declaraciones del alcalde, &#8211;primo del exdirigente del PAN en el estado, Pepe Mancha, cercano al exgobernador Miguel \u00c1ngel Yunes Linares, declarados enemigos de la 4T&#8211;, ya que no ten\u00edan conocimiento de que la obra fuera a desaparecer por completo, sobre todo porque el sector energ\u00e9tico es uno de los que precisamente m\u00e1s interesa a AMLO y se ha visto un empecinado en respaldar al director de la CFE, Manuel Bartlett, como parte de ese tr\u00edo de defensores de las pol\u00edticas energ\u00e9ticas de la &#8220;Cuarta Transformeishion&#8221; (los otros dos son la secre de Energ\u00eda, Roc\u00edo Nahle Garc\u00eda y el director de Pemex, Octavio Romero Oropeza).<\/p>\n\n\n\n<p>De hecho, quien lea entre l\u00edneas y conozca tantito a L\u00f3pez Obrador por la manera en que se ha desenvuelto cancelando inversiones con argumentos de que hay severas transas detr\u00e1s (aeropuerto de Texcoco, cervecer\u00eda en Tijuana) se dar\u00e1n cuenta que cuando tiene un objetivo en mente, lo cristaliza\u2026 y el caso Tuxpan va en ese sentido.<\/p>\n\n\n\n<p>El presidente tampoco es tonto, y este jueves en su conferencia ma\u00f1anera, &#8211;muy a su estilo&#8211;, suaviz\u00f3 un poco m\u00e1s la situaci\u00f3n, pero as\u00ed como dio sobadita, volvi\u00f3 a arremeter contundentemente contra Iberdrola.<\/p>\n\n\n\n<p>&#8220;Recib\u00ed una carta de los directivos de esta empresa informando que tienen, en efecto, alrededor de 26 plantas termoel\u00e9ctricas en el pa\u00eds y que tienen la voluntad de seguir invirtiendo en M\u00e9xico y tambi\u00e9n la disposici\u00f3n de llegar a acuerdos con el gobierno&#8221;, dijo. El mandatario adelant\u00f3 que ya turn\u00f3 la misiva de Iberdrola a la Secretar\u00eda de Energ\u00eda (Sener) y al director de la CFE &#8211;parte de su triunvirato power&#8211; para darle seguimiento al caso.<\/p>\n\n\n\n<p>No obstante fue enf\u00e1tico en subrayar: &#8220;Ya basta, que se entienda bien, que se escuche fuerte y lejos: M\u00e9xico no es tierra de conquista; no van a venir a saquearnos; se acab\u00f3 eso, tenemos que cuidar el patrimonio de los mexicanos.&#8221;<\/p>\n\n\n\n<p>De hecho, la empresa espa\u00f1ola Iberdrola se ha convertido en uno de los objetivos del presidente Andr\u00e9s Manuel L\u00f3pez Obrador y todo apunta a que va a reventar uno de sus proyectos: el de Tuxpan, aunque se mantengan otros. Tambi\u00e9n falta ver si realmente le dar\u00e1 oportunidad a los sindicatos, porque en una de esas, por ser sector estrat\u00e9gico, da la obra a militares para que tengan el control, evitando con esto que organizaciones realicen alg\u00fan boicot o paro de labores.<\/p>\n\n\n\n<p>Basta ver c\u00f3mo fueron aumentando de intensidad los se\u00f1alamientos de AMLO contra Iberdrola en las \u00faltimas semanas; acusaciones que van desde que la empresa espa\u00f1ola impulsa una supuesta campa\u00f1a medi\u00e1tica contra el presidente.<\/p>\n\n\n\n<p>El 17 de junio declarar\u00eda en su habitual conferencia ma\u00f1anera: &#8220;En el caso de Iberdrola, \u00bfpor qu\u00e9 habl\u00f3 as\u00ed, con transparencia? porque tengo informaci\u00f3n de que son ellos los que est\u00e1n promoviendo esta campa\u00f1a, nada m\u00e1s que encubiertos, porque el conservadurismo tiene esas dos caracter\u00edsticas. No lo olviden, son muy corruptos, son muy hip\u00f3critas.&#8221;<\/p>\n\n\n\n<p>Horas antes tambi\u00e9n se\u00f1alaba que Iberdrola &#8220;domina casi la mitad del mercado\u201d de generaci\u00f3n de energ\u00eda el\u00e9ctrica privada en M\u00e9xico. &#8220;Hay inconformidad porque las empresas el\u00e9ctricas particulares, extranjeras, sobre todo las espa\u00f1olas, ten\u00edan el gran negocio de cobrar a precios elevad\u00edsimos la energ\u00eda el\u00e9ctrica, se les ten\u00eda que pagar hasta subsidios, estaban en un plan en contubernio con las autoridades para destruir a la CFE, a la empresa p\u00fablica de M\u00e9xico.&#8221; (La Jornada).<\/p>\n\n\n\n<p>Por lo anterior, todo apunta a que el caso de Tuxpan podr\u00eda ser una decisi\u00f3n ya tomada, pero dar\u00e1n una salida pol\u00edtica, pac\u00edfica, sobre todo porque Iberdrola ya tiene inversiones establecidas en el pa\u00eds.<\/p>\n\n\n\n<p>Otros que tambi\u00e9n se alebrestaron son los sindicatos locales que ya se ve\u00edan con la obra en manos, &#8211;se comenta que atr\u00e1s estar\u00eda la CATEM, de Pedro Haces&#8211;, pero tambi\u00e9n habr\u00eda que sumar la ambici\u00f3n de pol\u00edticos locales que ya ven a Iberdrola como una segunda Odebrecht, la multinacional que termin\u00f3 en esc\u00e1ndalos de corrupci\u00f3n a nivel nacional e internacional.<\/p>\n\n\n\n<p>De hecho, es tanta la preocupaci\u00f3n que hasta el coordinador del PVEM en el Senado, Manuel Velasco, amigo muy cercano a Alberto Silva Ramos, aspirante a la alcald\u00eda, present\u00f3 un punto de acuerdo en la Permanente del Congreso para que ambas partes lleguen a una conciliaci\u00f3n en el caso de Tuxpan.<\/p>\n\n\n\n<p>AMLO ya ha demostrado que va en serio contra los que se\u00f1ala, no solamente al azar, sino porque los tiene bien identificados como parte de los beneficiados en reg\u00edmenes anteriores, que adem\u00e1s en el futuro podr\u00edan ser patrocinadores y quienes apoyen a la opositores y adversarios de la Cuarta Transformaci\u00f3n.<\/p>\n\n\n\n<p>Esto es de estrategias para lo que viene: de una vez le van le van cortando los flujos de millonadas a quienes, con dinero del gobierno, dar\u00e1n la batalla contra la 4T en pr\u00f3ximas elecciones.<\/p>\n\n\n\n<p>Y es que ese proyecto tiene muchos intereses, especialmente porque lo vinculan con el uso del gasoducto Tuxpan-Texas\u2026 Y tambi\u00e9n porque hay mucha lana de por medio.<\/p>\n\n\n\n<p><strong>NOTA PARA PEGAR EN EL REFRI: <\/strong>Que desde el &#8220;longanizagate&#8221;, en el Altiplano andan muy interesados en las denuncias que tiene el senador panista Julen Rementer\u00eda por corrupci\u00f3n en su paso por la Secretar\u00eda de Infraestructura y Obras P\u00fablicas (SIOP). En la \u00faltima visita que hicieron desde la capital, volvieron a preguntar c\u00f3mo iban las denuncias.<\/p>\n\n\n\n<p><strong>OTRA NOTA:<\/strong> A trav\u00e9s de un comunicado, grupo Mandar\u00edn, que la integran diversos antros, bares o restaurantes como Barezzito, La Bikina, Reyes, La Chulada, entre otras rechaz\u00f3 que fueran a formar parte de la manifestaci\u00f3n no pac\u00edfica convocada a trav\u00e9s de Redes Sociales\u2026 &#8220;Repudiamos cualquier manifestaci\u00f3n de violencia que afecte a nuestra ciudad y su gente. No somos part\u00edcipes de ello&#8221;, se\u00f1alan en su texto publicado en redes sociales\u2026 Por su parte los due\u00f1os y empleados de bares y centros nocturnos del Callej\u00f3n Gonz\u00e1lez Aparicio tambi\u00e9n se\u00f1alaron que no participar\u00e1n en en un movimiento que promueva la violencia y que atente contra la sociedad y el patrimonio de los xalape\u00f1os. La convocatoria para la marcha se realiz\u00f3 a trav\u00e9s de redes y en ella se\u00f1ala que la marcha ser\u00e1 no pac\u00edfica, y asistir\u00e1n empleados de bares y cantinas, debido a la Ley Seca que se mantiene en Xalapa.<\/p>\n\n\n\n<p><strong>LA \u00daLTIMA PORQUE TOCA UN RATITO DE NEKFLITZ: <\/strong>Alcaldes con COVID19: se sabe que el pasado fin de semana fue internado en un hospital particular de C\u00f3rdoba el alcalde de Coetzala, Gerardo Tirso Acahua Apale\u2026 El alcalde de San Andr\u00e9s Tuxtla, Octavio P\u00e9rez Garay, inform\u00f3 que se contagi\u00f3 de coronavirus y por ello se mantendr\u00e1 en cuarentena lo mismo que su familia; lo hizo p\u00fablico en un video.<\/p>\n\n\n\n<p><strong> @pablojair<\/strong><\/p>\n","protected":false},"excerpt":{"rendered":"<p>Inter\u00e9s por Julen desde el Altiplano. Se deslindan due\u00f1os de bares de &#8220;manifestaci\u00f3n&#8221; por Ley Seca. Alcaldes con Covid-19. Qu\u00e9 taraditos se ven compartiendo que los term\u00f3metros de luz da\u00f1an las neuronas. De por s\u00ed las tienen da\u00f1adas. &#8211;Chopenjawer El tema de la empresa espa\u00f1ola Iberdrola sigui\u00f3 marcando la agenda de la mitad de la [&hellip;]<\/p>\n","protected":false},"author":1,"featured_media":488,"comment_status":"open","ping_status":"open","sticky":false,"template":"","format":"standard","meta":{"_jetpack_memberships_contains_paid_content":false,"footnotes":""},"categories":[11],"tags":[],"class_list":["post-3652","post","type-post","status-publish","format-standard","has-post-thumbnail","hentry","category-opinion"],"jetpack_featured_media_url":"https:\/\/encuentroinformativo.com.mx\/wp-content\/uploads\/2020\/03\/F471F608-BA1A-416B-BA7B-BCFB24F4E6D0.jpeg","jetpack_sharing_enabled":true,"jetpack_likes_enabled":true,"amp_enabled":true,"_links":{"self":[{"href":"https:\/\/encuentroinformativo.com.mx\/index.php?rest_route=\/wp\/v2\/posts\/3652","targetHints":{"allow":["GET"]}}],"collection":[{"href":"https:\/\/encuentroinformativo.com.mx\/index.php?rest_route=\/wp\/v2\/posts"}],"about":[{"href":"https:\/\/encuentroinformativo.com.mx\/index.php?rest_route=\/wp\/v2\/types\/post"}],"author":[{"embeddable":true,"href":"https:\/\/encuentroinformativo.com.mx\/index.php?rest_route=\/wp\/v2\/users\/1"}],"replies":[{"embeddable":true,"href":"https:\/\/encuentroinformativo.com.mx\/index.php?rest_route=%2Fwp%2Fv2%2Fcomments&post=3652"}],"version-history":[{"count":1,"href":"https:\/\/encuentroinformativo.com.mx\/index.php?rest_route=\/wp\/v2\/posts\/3652\/revisions"}],"predecessor-version":[{"id":3653,"href":"https:\/\/encuentroinformativo.com.mx\/index.php?rest_route=\/wp\/v2\/posts\/3652\/revisions\/3653"}],"wp:featuredmedia":[{"embeddable":true,"href":"https:\/\/encuentroinformativo.com.mx\/index.php?rest_route=\/wp\/v2\/media\/488"}],"wp:attachment":[{"href":"https:\/\/encuentroinformativo.com.mx\/index.php?rest_route=%2Fwp%2Fv2%2Fmedia&parent=3652"}],"wp:term":[{"taxonomy":"category","embeddable":true,"href":"https:\/\/encuentroinformativo.com.mx\/index.php?rest_route=%2Fwp%2Fv2%2Fcategories&post=3652"},{"taxonomy":"post_tag","embeddable":true,"href":"https:\/\/encuentroinformativo.com.mx\/index.php?rest_route=%2Fwp%2Fv2%2Ftags&post=3652"}],"curies":[{"name":"wp","href":"https:\/\/api.w.org\/{rel}","templated":true}]}}