{"id":3654,"date":"2020-06-26T10:33:08","date_gmt":"2020-06-26T15:33:08","guid":{"rendered":"https:\/\/encuentroinformativo.com\/?p=3654"},"modified":"2020-06-26T10:33:10","modified_gmt":"2020-06-26T15:33:10","slug":"turbina-senado-y-cisne","status":"publish","type":"post","link":"https:\/\/encuentroinformativo.com.mx\/?p=3654","title":{"rendered":"Turbina, Senado y Cisne"},"content":{"rendered":"\n<p><strong>Los Pol\u00edticos<\/strong><\/p>\n\n\n\n<p><strong>Salvador Mu\u00f1oz<\/strong><br><\/p>\n\n\n\n<p>La turbina de Juan Antonio Aguilar Mancha vino a despresurizar entre los tuxpe\u00f1os, el tema de Iberdrola y la cancelaci\u00f3n de una termoel\u00e9ctrica que habr\u00eda de generar en la zona norte del estado, unos dos mil empleos\u2026 se trata de una turbina, haga de cuenta que est\u00e1 viendo la de un avi\u00f3n, que sanitiza con la dispersi\u00f3n de l\u00edquidos de manera amplia y a gran velocidad, \u201cadem\u00e1s, logra ahorros significativos en el uso de agua e insumos de desinfecci\u00f3n por su poder de micro aspersi\u00f3n\u201d, presume el alcalde tuxpe\u00f1o.<\/p>\n\n\n\n<p>Se dice que la turbina de Aguilar Mancha despresuriza, porque hubo quienes agarraron de chunga la presentaci\u00f3n de este aparato, que hasta montaron memes del alcalde.<\/p>\n\n\n\n<p>Mientras eso ocurr\u00eda con la Turbina de Aguilar Mancha, en el Senado de la Rep\u00fablica se presentaba un punto de acuerdo para llamar a las partes involucradas a la reconsideraci\u00f3n para dar paso a la conciliaci\u00f3n y lo m\u00e1s importante, a la inversi\u00f3n: Iberdrola y CFE.<\/p>\n\n\n\n<p>El inter\u00e9s por limar asperezas vaya que es de importancia, m\u00e1s cuando se involucra en la construcci\u00f3n de esta termoel\u00e9ctrica a 20 empresas locales locales especializadas y no especializadas as\u00ed como otras 10 empresas externas especializadas. Vamos, hablamos de una inversi\u00f3n de 1 mil 200 millones de d\u00f3lares, que en esta \u00e9poca de pandemia y cuarentena extendida, le caer\u00edan de perlas a la regi\u00f3n de Tuxpan\u2026<\/p>\n\n\n\n<p>Contrario a lo que uno pensar\u00eda, ninguno de nuestros cuatro senadores intent\u00f3 interceder para que esta millonaria inversi\u00f3n se mantenga y d\u00e9 inicio como se tiene planeado, en el ya encima julio del 2020 para concluir en julio del 2022\u2026 tuvo que intervenir uno de Chiapas: Manuel Velasco Coello.<\/p>\n\n\n\n<p>As\u00ed es\u2026 ni Julen Rementer\u00eda, ni Indira Rosales San Rom\u00e1n, ni Ricardo Ahued y mucho menos Gloria S\u00e1nchez Hern\u00e1ndez reaccionaron a este suceso que es de suma importancia para el norte veracruzano porque su puesta en marcha debe considerarse como el renacimiento de la econom\u00eda regional en sus diversos sectores\u2026<\/p>\n\n\n\n<p>Uno pudiera entender la docilidad de Ricardo Ahued y Gloria S\u00e1nchez cuando el presidente L\u00f3pez Obrador parece estar peleado con la inversi\u00f3n privada\u2026 \u00bfpero Julen? \u00bfNi porque el alcalde es primo de su cuate Pepe Mancha? \u00bfIndira? S\u00ed, hizo una rueda de prensa\u2026 pero Velasco hizo una propuesta.<\/p>\n\n\n\n<p>La respuesta del Gobierno estatal fue que la CFE (Manuel Bartlett) continuar\u00e1 con el proyecto, licitando la construcci\u00f3n\u2026 \u00a1qu\u00e9 bien! pero tambi\u00e9n de llevarse a cabo como lo anuncia Cuitl\u00e1huac Garc\u00eda, hay que tomar en cuenta que es volver a empezar y no se considera que si no hay soluci\u00f3n como lo propone el Punto de Acuerdo del senador Velasco Coello, 20 empresas veracruzanas, que ya estaban contempladas en la construcci\u00f3n de la Termo, simplemente ver\u00e1n alas a sus sue\u00f1os de haber obtenido una fuente de ingresos por dos a\u00f1os.<\/p>\n\n\n\n<p>\u00a1Imagine que el Senado de la Rep\u00fablica, fungiendo como r\u00e9feri de paz logre un acuerdo entre CFE e Iberdrola! \u00bfSabe qui\u00e9n ser\u00e1 el gan\u00f3n? Alberto Silva Ramos, porque es seguro que quien pidi\u00f3 la intervenci\u00f3n del senador Velasco fue este tuxpe\u00f1o\u2026 \u00bfy si no hay resultado positivo? \u00a1Igual gana El Cisne! porque hasta el momento, fue el \u00fanico veracruzano que al parecer tiene inter\u00e9s en que esos casi dos mil empleos que en un mes pudieran generarse, se mantengan, porque ni Julen, ni Indira, mucho menos Ahued y Gloria, en esta ocasi\u00f3n, pareci\u00f3 importarles nada que una decisi\u00f3n de Bartlett o Roc\u00edo Nahle, ponga contra las cuerdas la ya estropeada econom\u00eda del norte veracruzano\u2026 y si bien, es posible que se reinicie todo, que se licite, que haya Termo sin Iberdrola, que haya empleos, derrama econ\u00f3mica, el asunto es saber para cu\u00e1ndo, porque los tuxpe\u00f1os al menos ya sab\u00edan que en unos d\u00edas, en julio pr\u00f3ximo, se estar\u00eda hablando de la reactivaci\u00f3n de su econom\u00eda, y por un caprichito, \u00e9sta se retarde\u2026 quiz\u00e1s por eso nos sea m\u00e1s f\u00e1cil, para no llorar, re\u00edrnos de los memes de la Turbina de Aguilar Mancha.<br><\/p>\n\n\n\n<p><a href=\"mailto:smcainito@gmail.com\" target=\"_blank\" rel=\"noreferrer noopener\">smcainito@gmail.com<\/a><\/p>\n\n\n\n<p><\/p>\n","protected":false},"excerpt":{"rendered":"<p>Los Pol\u00edticos Salvador Mu\u00f1oz La turbina de Juan Antonio Aguilar Mancha vino a despresurizar entre los tuxpe\u00f1os, el tema de Iberdrola y la cancelaci\u00f3n de una termoel\u00e9ctrica que habr\u00eda de generar en la zona norte del estado, unos dos mil empleos\u2026 se trata de una turbina, haga de cuenta que est\u00e1 viendo la de un [&hellip;]<\/p>\n","protected":false},"author":1,"featured_media":387,"comment_status":"open","ping_status":"open","sticky":false,"template":"","format":"standard","meta":{"_jetpack_memberships_contains_paid_content":false,"footnotes":""},"categories":[11],"tags":[],"class_list":["post-3654","post","type-post","status-publish","format-standard","has-post-thumbnail","hentry","category-opinion"],"jetpack_featured_media_url":"https:\/\/encuentroinformativo.com.mx\/wp-content\/uploads\/2020\/03\/7CF8A22B-2764-47BE-8F7F-38FE9E5D6A2F.jpeg","jetpack_sharing_enabled":true,"jetpack_likes_enabled":true,"amp_enabled":true,"_links":{"self":[{"href":"https:\/\/encuentroinformativo.com.mx\/index.php?rest_route=\/wp\/v2\/posts\/3654","targetHints":{"allow":["GET"]}}],"collection":[{"href":"https:\/\/encuentroinformativo.com.mx\/index.php?rest_route=\/wp\/v2\/posts"}],"about":[{"href":"https:\/\/encuentroinformativo.com.mx\/index.php?rest_route=\/wp\/v2\/types\/post"}],"author":[{"embeddable":true,"href":"https:\/\/encuentroinformativo.com.mx\/index.php?rest_route=\/wp\/v2\/users\/1"}],"replies":[{"embeddable":true,"href":"https:\/\/encuentroinformativo.com.mx\/index.php?rest_route=%2Fwp%2Fv2%2Fcomments&post=3654"}],"version-history":[{"count":1,"href":"https:\/\/encuentroinformativo.com.mx\/index.php?rest_route=\/wp\/v2\/posts\/3654\/revisions"}],"predecessor-version":[{"id":3655,"href":"https:\/\/encuentroinformativo.com.mx\/index.php?rest_route=\/wp\/v2\/posts\/3654\/revisions\/3655"}],"wp:featuredmedia":[{"embeddable":true,"href":"https:\/\/encuentroinformativo.com.mx\/index.php?rest_route=\/wp\/v2\/media\/387"}],"wp:attachment":[{"href":"https:\/\/encuentroinformativo.com.mx\/index.php?rest_route=%2Fwp%2Fv2%2Fmedia&parent=3654"}],"wp:term":[{"taxonomy":"category","embeddable":true,"href":"https:\/\/encuentroinformativo.com.mx\/index.php?rest_route=%2Fwp%2Fv2%2Fcategories&post=3654"},{"taxonomy":"post_tag","embeddable":true,"href":"https:\/\/encuentroinformativo.com.mx\/index.php?rest_route=%2Fwp%2Fv2%2Ftags&post=3654"}],"curies":[{"name":"wp","href":"https:\/\/api.w.org\/{rel}","templated":true}]}}