{"id":36543,"date":"2023-02-09T10:13:51","date_gmt":"2023-02-09T16:13:51","guid":{"rendered":"https:\/\/encuentroinformativo.com.mx\/?p=36543"},"modified":"2023-02-09T10:13:54","modified_gmt":"2023-02-09T16:13:54","slug":"tras-primer-puente-vislumbran-hoteleros-mejora-turistica-en-2023","status":"publish","type":"post","link":"https:\/\/encuentroinformativo.com.mx\/?p=36543","title":{"rendered":"Tras primer puente, vislumbran hoteleros mejora tur\u00edstica en 2023"},"content":{"rendered":"\n<p><strong>Alejandro \u00c1vila<\/strong><\/p>\n\n\n\n<p>Veracruz, Ver.- La ocupaci\u00f3n hotelera que dej\u00f3 el primer &#8220;puente&#8221; del a\u00f1o, vislumbra un gran 2023 en el sector tur\u00edstico, consider\u00f3 el presidente del Consejo Metropolitano de Turismo (COMETUR), Sergio Lois Heredia.<\/p>\n\n\n\n<p>El empresario dijo que el Frente Fr\u00edo 29 fue ben\u00e9volo con ellos, pues solo hubo rachas de viento el d\u00eda viernes, y el buen clima que hubo s\u00e1bado, domingo y lunes, incentivo a los turistas a cubrir el fin de semana largo, dejando una buena derrama econ\u00f3mica en la zona conurbada Veracruz Boca del R\u00edo.<\/p>\n\n\n\n<p>Lois Heredia mencion\u00f3 que la verdadera recuperaci\u00f3n en el sector tur\u00edstico est\u00e1 apunto de cumplir su primer a\u00f1o, pues reconoci\u00f3 que a partir del 21 de marzo del 2022 comenz\u00f3 a generarse la ocupaci\u00f3n hotelera similar a la que hab\u00eda previa la pandemia.<\/p>\n\n\n\n<p>&#8220;Ya ahorita teniendo este \u00faltimo &#8216;puente&#8217; que pas\u00f3, ya culminamos un ciclo, culminamos un a\u00f1o en el que ya podemos decir estamos en franca recuperaci\u00f3n del sector turismo despu\u00e9s de lo que se vivi\u00f3. Y en este &#8216;puente&#8217; largo se tendr\u00e1 un balance muy positivo, a pesar de que el &#8216;norte&#8217; del viernes nos estaba amenazando, creo que tuvimos un muy buen &#8216;puente&#8217; para iniciar los &#8216;puentes&#8217; del a\u00f1o&#8221;, declar\u00f3.<\/p>\n\n\n\n<p>Finalmente, Sergio Lois expres\u00f3 que, si bien los meses de enero y febrero son muy complicados para el sector tur\u00edstico, los n\u00fameros del 2022 y 2023 han sido y ser\u00e1 mucho mejores que los vividos en pandemia.<\/p>\n\n\n\n<p>&#8220;S\u00ed, siempre es un bimestre complicado, es uno de los bimestres m\u00e1s bajos, sin embargo, la manera en como se comport\u00f3, nos hace pensar que podemos estar proyectando un buen 2023&#8221;, culmin\u00f3.<\/p>\n","protected":false},"excerpt":{"rendered":"<p>Alejandro \u00c1vila Veracruz, Ver.- La ocupaci\u00f3n hotelera que dej\u00f3 el primer &#8220;puente&#8221; del a\u00f1o, vislumbra un gran 2023 en el sector tur\u00edstico, consider\u00f3 el presidente del Consejo Metropolitano de Turismo (COMETUR), Sergio Lois Heredia. El empresario dijo que el Frente Fr\u00edo 29 fue ben\u00e9volo con ellos, pues solo hubo rachas de viento el d\u00eda viernes, [&hellip;]<\/p>\n","protected":false},"author":2476,"featured_media":36544,"comment_status":"open","ping_status":"open","sticky":false,"template":"","format":"standard","meta":{"_jetpack_memberships_contains_paid_content":false,"footnotes":""},"categories":[2],"tags":[],"class_list":["post-36543","post","type-post","status-publish","format-standard","has-post-thumbnail","hentry","category-estado"],"jetpack_featured_media_url":"https:\/\/encuentroinformativo.com.mx\/wp-content\/uploads\/2023\/02\/IMG-20230209-WA0007.jpg","jetpack_sharing_enabled":true,"jetpack_likes_enabled":true,"amp_enabled":true,"_links":{"self":[{"href":"https:\/\/encuentroinformativo.com.mx\/index.php?rest_route=\/wp\/v2\/posts\/36543","targetHints":{"allow":["GET"]}}],"collection":[{"href":"https:\/\/encuentroinformativo.com.mx\/index.php?rest_route=\/wp\/v2\/posts"}],"about":[{"href":"https:\/\/encuentroinformativo.com.mx\/index.php?rest_route=\/wp\/v2\/types\/post"}],"author":[{"embeddable":true,"href":"https:\/\/encuentroinformativo.com.mx\/index.php?rest_route=\/wp\/v2\/users\/2476"}],"replies":[{"embeddable":true,"href":"https:\/\/encuentroinformativo.com.mx\/index.php?rest_route=%2Fwp%2Fv2%2Fcomments&post=36543"}],"version-history":[{"count":1,"href":"https:\/\/encuentroinformativo.com.mx\/index.php?rest_route=\/wp\/v2\/posts\/36543\/revisions"}],"predecessor-version":[{"id":36545,"href":"https:\/\/encuentroinformativo.com.mx\/index.php?rest_route=\/wp\/v2\/posts\/36543\/revisions\/36545"}],"wp:featuredmedia":[{"embeddable":true,"href":"https:\/\/encuentroinformativo.com.mx\/index.php?rest_route=\/wp\/v2\/media\/36544"}],"wp:attachment":[{"href":"https:\/\/encuentroinformativo.com.mx\/index.php?rest_route=%2Fwp%2Fv2%2Fmedia&parent=36543"}],"wp:term":[{"taxonomy":"category","embeddable":true,"href":"https:\/\/encuentroinformativo.com.mx\/index.php?rest_route=%2Fwp%2Fv2%2Fcategories&post=36543"},{"taxonomy":"post_tag","embeddable":true,"href":"https:\/\/encuentroinformativo.com.mx\/index.php?rest_route=%2Fwp%2Fv2%2Ftags&post=36543"}],"curies":[{"name":"wp","href":"https:\/\/api.w.org\/{rel}","templated":true}]}}