{"id":36546,"date":"2023-02-09T11:18:03","date_gmt":"2023-02-09T17:18:03","guid":{"rendered":"https:\/\/encuentroinformativo.com.mx\/?p=36546"},"modified":"2023-02-09T11:18:07","modified_gmt":"2023-02-09T17:18:07","slug":"tras-dos-meses-desparecida-familiares-reclaman-avances-en-busqueda-de-fatima","status":"publish","type":"post","link":"https:\/\/encuentroinformativo.com.mx\/?p=36546","title":{"rendered":"Tras dos meses desparecida, familiares reclaman avances en b\u00fasqueda de F\u00e1tima"},"content":{"rendered":"\n<p><strong>Israel Garc\u00eda <\/strong><\/p>\n\n\n\n<p>Xalapa, Ver.- A dos meses de que se cumple la desaparici\u00f3n de F\u00e1tima Cristal Gonz\u00e1lez Patlas, familiares reclaman avances en las investigaciones del caso.<\/p>\n\n\n\n<p>Motivo por el cual se manifestaron en la Plaza Lerdo, para exigir justicia a las autoridades estatales, recordaron que la \u00faltima vez que se vio a la menor fue en el municipio de Villaldama, sin que hasta el momento se tengan datos de tu paradero.<\/p>\n\n\n\n<p>Con lonas y cartulinas expresan sus reclamos a las autoridades para pedir avances. <\/p>\n\n\n\n<figure class=\"wp-block-image size-large\"><img loading=\"lazy\" decoding=\"async\" width=\"768\" height=\"1024\" src=\"https:\/\/encuentroinformativo.com.mx\/wp-content\/uploads\/2023\/02\/Photo_1675962558034-768x1024.jpg\" alt=\"\" class=\"wp-image-36548\" srcset=\"https:\/\/encuentroinformativo.com.mx\/wp-content\/uploads\/2023\/02\/Photo_1675962558034-768x1024.jpg 768w, https:\/\/encuentroinformativo.com.mx\/wp-content\/uploads\/2023\/02\/Photo_1675962558034-225x300.jpg 225w, https:\/\/encuentroinformativo.com.mx\/wp-content\/uploads\/2023\/02\/Photo_1675962558034.jpg 780w\" sizes=\"auto, (max-width: 768px) 100vw, 768px\" \/><\/figure>\n","protected":false},"excerpt":{"rendered":"<p>Israel Garc\u00eda Xalapa, Ver.- A dos meses de que se cumple la desaparici\u00f3n de F\u00e1tima Cristal Gonz\u00e1lez Patlas, familiares reclaman avances en las investigaciones del caso. Motivo por el cual se manifestaron en la Plaza Lerdo, para exigir justicia a las autoridades estatales, recordaron que la \u00faltima vez que se vio a la menor fue [&hellip;]<\/p>\n","protected":false},"author":2476,"featured_media":36547,"comment_status":"open","ping_status":"open","sticky":false,"template":"","format":"standard","meta":{"_jetpack_memberships_contains_paid_content":false,"footnotes":""},"categories":[8],"tags":[],"class_list":["post-36546","post","type-post","status-publish","format-standard","has-post-thumbnail","hentry","category-region"],"jetpack_featured_media_url":"https:\/\/encuentroinformativo.com.mx\/wp-content\/uploads\/2023\/02\/Photo_1675962602593.jpg","jetpack_sharing_enabled":true,"jetpack_likes_enabled":true,"amp_enabled":true,"_links":{"self":[{"href":"https:\/\/encuentroinformativo.com.mx\/index.php?rest_route=\/wp\/v2\/posts\/36546","targetHints":{"allow":["GET"]}}],"collection":[{"href":"https:\/\/encuentroinformativo.com.mx\/index.php?rest_route=\/wp\/v2\/posts"}],"about":[{"href":"https:\/\/encuentroinformativo.com.mx\/index.php?rest_route=\/wp\/v2\/types\/post"}],"author":[{"embeddable":true,"href":"https:\/\/encuentroinformativo.com.mx\/index.php?rest_route=\/wp\/v2\/users\/2476"}],"replies":[{"embeddable":true,"href":"https:\/\/encuentroinformativo.com.mx\/index.php?rest_route=%2Fwp%2Fv2%2Fcomments&post=36546"}],"version-history":[{"count":1,"href":"https:\/\/encuentroinformativo.com.mx\/index.php?rest_route=\/wp\/v2\/posts\/36546\/revisions"}],"predecessor-version":[{"id":36549,"href":"https:\/\/encuentroinformativo.com.mx\/index.php?rest_route=\/wp\/v2\/posts\/36546\/revisions\/36549"}],"wp:featuredmedia":[{"embeddable":true,"href":"https:\/\/encuentroinformativo.com.mx\/index.php?rest_route=\/wp\/v2\/media\/36547"}],"wp:attachment":[{"href":"https:\/\/encuentroinformativo.com.mx\/index.php?rest_route=%2Fwp%2Fv2%2Fmedia&parent=36546"}],"wp:term":[{"taxonomy":"category","embeddable":true,"href":"https:\/\/encuentroinformativo.com.mx\/index.php?rest_route=%2Fwp%2Fv2%2Fcategories&post=36546"},{"taxonomy":"post_tag","embeddable":true,"href":"https:\/\/encuentroinformativo.com.mx\/index.php?rest_route=%2Fwp%2Fv2%2Ftags&post=36546"}],"curies":[{"name":"wp","href":"https:\/\/api.w.org\/{rel}","templated":true}]}}