{"id":36550,"date":"2023-02-09T12:14:38","date_gmt":"2023-02-09T18:14:38","guid":{"rendered":"https:\/\/encuentroinformativo.com.mx\/?p=36550"},"modified":"2023-02-09T12:14:42","modified_gmt":"2023-02-09T18:14:42","slug":"mas-de-600-parejas-contraeran-nupcias-en-zocalo-de-veracruz","status":"publish","type":"post","link":"https:\/\/encuentroinformativo.com.mx\/?p=36550","title":{"rendered":"M\u00e1s de 600 parejas contraer\u00e1n nupcias en z\u00f3calo de Veracruz"},"content":{"rendered":"\n<p><strong>Alejandro \u00c1vila<\/strong><\/p>\n\n\n\n<p>Veracruz, Ver.- Un total de 634 parejas fueron las que se registraron para contraer nupcias en las Bodas Colectivas del municipio de Veracruz el pr\u00f3ximo 14 de febrero, confirm\u00f3 la alcaldesa Patricia Lobeira Rodr\u00edguez.<\/p>\n\n\n\n<p>Cabe recordar que originalmente las Bodas Colectivas se realizaban en el auditorio &#8220;Benito Ju\u00e1rez&#8221;, hoy propiedad del DIF Estatal y pr\u00f3ximo a ser rehabilitado debido a su deterioro; es por ello que se decidio por parte del Ayuntamiento, llevar a cabo las ceremonias en el z\u00f3calo de la ciudad.<\/p>\n\n\n\n<p>&#8220;Vamos muy bien, tenemos 634 parejas ya apuntadas, estamos seguros que va a ser un exitazo. El 14 de febrero se van a llevar a cabo a las 9 de la ma\u00f1ana, invitamos a todas las parejas a que vengan, a que disfruten, vamos a hacer el brindis tradicional que se hace aqu\u00ed en Veracruz va a ser aqu\u00ed en el z\u00f3calo, entonces eso tambi\u00e9n le va a dar una vista muy bonita a las fotos de las personas que van a contraer matrimonio&#8221;, destac\u00f3.<\/p>\n\n\n\n<p>En otro tema, la alcaldesa record\u00f3 que la temporada de conciertos de la Orquesta Filarm\u00f3nica de Boca del R\u00edo inici\u00f3 en el mes de febrero y ya llevan dos eventos realizados, uno en el teatro &#8220;Francisco Javier Clavijero&#8221; y otro en el Foro Boca.<\/p>\n\n\n\n<p>En ese sentido, se\u00f1al\u00f3 que el pr\u00f3ximo viernes 17 de febrero a las 20 horas en el Foro Boca se realizar\u00e1 la Gala de \u00d3pera en la cual estar\u00e1 como director invitado Rey Alejandro Conde; mientras que el 24 de febrero a las 20 horas se realizar\u00e1 otro concierto de la Orquesta Filarm\u00f3nica de Boca del R\u00edo, acompa\u00f1ada de Miguel Salom\u00f3n del Real como director hu\u00e9sped.<\/p>\n","protected":false},"excerpt":{"rendered":"<p>Alejandro \u00c1vila Veracruz, Ver.- Un total de 634 parejas fueron las que se registraron para contraer nupcias en las Bodas Colectivas del municipio de Veracruz el pr\u00f3ximo 14 de febrero, confirm\u00f3 la alcaldesa Patricia Lobeira Rodr\u00edguez. Cabe recordar que originalmente las Bodas Colectivas se realizaban en el auditorio &#8220;Benito Ju\u00e1rez&#8221;, hoy propiedad del DIF Estatal [&hellip;]<\/p>\n","protected":false},"author":2476,"featured_media":36551,"comment_status":"open","ping_status":"open","sticky":false,"template":"","format":"standard","meta":{"_jetpack_memberships_contains_paid_content":false,"footnotes":""},"categories":[2],"tags":[],"class_list":["post-36550","post","type-post","status-publish","format-standard","has-post-thumbnail","hentry","category-estado"],"jetpack_featured_media_url":"https:\/\/encuentroinformativo.com.mx\/wp-content\/uploads\/2023\/02\/IMG-20230209-WA00662.jpg","jetpack_sharing_enabled":true,"jetpack_likes_enabled":true,"amp_enabled":true,"_links":{"self":[{"href":"https:\/\/encuentroinformativo.com.mx\/index.php?rest_route=\/wp\/v2\/posts\/36550","targetHints":{"allow":["GET"]}}],"collection":[{"href":"https:\/\/encuentroinformativo.com.mx\/index.php?rest_route=\/wp\/v2\/posts"}],"about":[{"href":"https:\/\/encuentroinformativo.com.mx\/index.php?rest_route=\/wp\/v2\/types\/post"}],"author":[{"embeddable":true,"href":"https:\/\/encuentroinformativo.com.mx\/index.php?rest_route=\/wp\/v2\/users\/2476"}],"replies":[{"embeddable":true,"href":"https:\/\/encuentroinformativo.com.mx\/index.php?rest_route=%2Fwp%2Fv2%2Fcomments&post=36550"}],"version-history":[{"count":1,"href":"https:\/\/encuentroinformativo.com.mx\/index.php?rest_route=\/wp\/v2\/posts\/36550\/revisions"}],"predecessor-version":[{"id":36552,"href":"https:\/\/encuentroinformativo.com.mx\/index.php?rest_route=\/wp\/v2\/posts\/36550\/revisions\/36552"}],"wp:featuredmedia":[{"embeddable":true,"href":"https:\/\/encuentroinformativo.com.mx\/index.php?rest_route=\/wp\/v2\/media\/36551"}],"wp:attachment":[{"href":"https:\/\/encuentroinformativo.com.mx\/index.php?rest_route=%2Fwp%2Fv2%2Fmedia&parent=36550"}],"wp:term":[{"taxonomy":"category","embeddable":true,"href":"https:\/\/encuentroinformativo.com.mx\/index.php?rest_route=%2Fwp%2Fv2%2Fcategories&post=36550"},{"taxonomy":"post_tag","embeddable":true,"href":"https:\/\/encuentroinformativo.com.mx\/index.php?rest_route=%2Fwp%2Fv2%2Ftags&post=36550"}],"curies":[{"name":"wp","href":"https:\/\/api.w.org\/{rel}","templated":true}]}}