{"id":36553,"date":"2023-02-09T12:21:46","date_gmt":"2023-02-09T18:21:46","guid":{"rendered":"https:\/\/encuentroinformativo.com.mx\/?p=36553"},"modified":"2023-02-09T15:43:06","modified_gmt":"2023-02-09T21:43:06","slug":"brindaran-platicas-en-escuelas-de-boca-del-rio-sobre-cancer-infantil","status":"publish","type":"post","link":"https:\/\/encuentroinformativo.com.mx\/?p=36553","title":{"rendered":"Brindar\u00e1n pl\u00e1ticas en escuelas de Boca del R\u00edo sobre c\u00e1ncer infantil"},"content":{"rendered":"\n<p><strong>Alejandro \u00c1vila<\/strong><\/p>\n\n\n\n<p>Boca del R\u00edo, Ver.- El pr\u00f3ximo 15 de febrero se conmemora el D\u00eda Internacional del C\u00e1ncer Infantil, por lo que a partir del pr\u00f3ximo lunes se iniciar\u00e1n con una serie de pl\u00e1ticas en diversas escuelas del municipio de Boca del R\u00edo, para prevenir dicha enfermedad.<\/p>\n\n\n\n<p>La presidenta del DIF de Boca del R\u00edo, Melina Rivera Robert detall\u00f3 que, en conjunto con la Asociaci\u00f3n Mexicana de Ayuda a Ni\u00f1os con C\u00e1ncer (AMANC) Veracruz se realizar\u00e1n las pl\u00e1ticas inicialmente en los Centros Asistenciales de Desarrollo Infantil (CADI) y Centros de Asistencia Infantil Comunitario (CAIC) de la ciudad.<\/p>\n\n\n\n<p>&#8220;Muchas veces desconocemos como es que inicia una enfermedad as\u00ed, y no sabemos que es muy importante tener este conocimiento en todas las escuelas. A partir del lunes iniciamos estas charlas que AMANC brindar\u00e1 para los padres y madres de alumnos de nuestros centros asistenciales. Tambi\u00e9n quiero aprovechar para invitar a todas las escuelas primarias de Boca del R\u00edo, a que nos contacten en el DIF de Boca del R\u00edo para que podamos llevar estas charlas a todos sus centros educativos&#8221;, resalt\u00f3 Melina Rivera.<\/p>\n\n\n\n<p>Durante el evento realizado en el Museo del Pirata en Boca del R\u00edo, se le entreg\u00f3 a la presidenta de AMANC Veracruz, Susana Lara, un donativo de 50 mil por parte del Ayuntamiento de Boca del R\u00edo.<\/p>\n\n\n\n<p>&#8220;Agradezco toda la sociedad que siempre est\u00e1 presente con esos ni\u00f1os, con esta enfermedad que desgraciadamente como dijo Meli, no debiera existir pero existe, y las tasas cada d\u00eda son m\u00e1s altas, desgraciadamente necesitamos que la gente conozca la enfermedad para que lleguen oportunamente a recibir su tratamiento, el c\u00e1ncer es curable, y en ni\u00f1os tienen una probabilidad de que ellos puedan curarse en un 80 por ciento&#8221;, destac\u00f3, Susana Lara, presidenta de AMANC Veracruz.<\/p>\n","protected":false},"excerpt":{"rendered":"<p>Alejandro \u00c1vila Boca del R\u00edo, Ver.- El pr\u00f3ximo 15 de febrero se conmemora el D\u00eda Internacional del C\u00e1ncer Infantil, por lo que a partir del pr\u00f3ximo lunes se iniciar\u00e1n con una serie de pl\u00e1ticas en diversas escuelas del municipio de Boca del R\u00edo, para prevenir dicha enfermedad. La presidenta del DIF de Boca del R\u00edo, [&hellip;]<\/p>\n","protected":false},"author":2476,"featured_media":36554,"comment_status":"open","ping_status":"open","sticky":false,"template":"","format":"standard","meta":{"_jetpack_memberships_contains_paid_content":false,"footnotes":""},"categories":[2,9],"tags":[],"class_list":["post-36553","post","type-post","status-publish","format-standard","has-post-thumbnail","hentry","category-estado","category-salud"],"jetpack_featured_media_url":"https:\/\/encuentroinformativo.com.mx\/wp-content\/uploads\/2023\/02\/IMG-20230209-WA0086.jpg","jetpack_sharing_enabled":true,"jetpack_likes_enabled":true,"amp_enabled":true,"_links":{"self":[{"href":"https:\/\/encuentroinformativo.com.mx\/index.php?rest_route=\/wp\/v2\/posts\/36553","targetHints":{"allow":["GET"]}}],"collection":[{"href":"https:\/\/encuentroinformativo.com.mx\/index.php?rest_route=\/wp\/v2\/posts"}],"about":[{"href":"https:\/\/encuentroinformativo.com.mx\/index.php?rest_route=\/wp\/v2\/types\/post"}],"author":[{"embeddable":true,"href":"https:\/\/encuentroinformativo.com.mx\/index.php?rest_route=\/wp\/v2\/users\/2476"}],"replies":[{"embeddable":true,"href":"https:\/\/encuentroinformativo.com.mx\/index.php?rest_route=%2Fwp%2Fv2%2Fcomments&post=36553"}],"version-history":[{"count":1,"href":"https:\/\/encuentroinformativo.com.mx\/index.php?rest_route=\/wp\/v2\/posts\/36553\/revisions"}],"predecessor-version":[{"id":36555,"href":"https:\/\/encuentroinformativo.com.mx\/index.php?rest_route=\/wp\/v2\/posts\/36553\/revisions\/36555"}],"wp:featuredmedia":[{"embeddable":true,"href":"https:\/\/encuentroinformativo.com.mx\/index.php?rest_route=\/wp\/v2\/media\/36554"}],"wp:attachment":[{"href":"https:\/\/encuentroinformativo.com.mx\/index.php?rest_route=%2Fwp%2Fv2%2Fmedia&parent=36553"}],"wp:term":[{"taxonomy":"category","embeddable":true,"href":"https:\/\/encuentroinformativo.com.mx\/index.php?rest_route=%2Fwp%2Fv2%2Fcategories&post=36553"},{"taxonomy":"post_tag","embeddable":true,"href":"https:\/\/encuentroinformativo.com.mx\/index.php?rest_route=%2Fwp%2Fv2%2Ftags&post=36553"}],"curies":[{"name":"wp","href":"https:\/\/api.w.org\/{rel}","templated":true}]}}