{"id":3656,"date":"2020-06-26T12:08:10","date_gmt":"2020-06-26T17:08:10","guid":{"rendered":"https:\/\/encuentroinformativo.com\/?p=3656"},"modified":"2020-06-26T12:08:12","modified_gmt":"2020-06-26T17:08:12","slug":"ante-anuncio-de-marchas-canaco-solicita-seguridad-para-negocios","status":"publish","type":"post","link":"https:\/\/encuentroinformativo.com.mx\/?p=3656","title":{"rendered":"Ante anuncio de marchas, CANACO solicita seguridad para negocios"},"content":{"rendered":"\n<p><strong>Dar\u00edo Pale <\/strong><\/p>\n\n\n\n<p>Xalapa, Ver.- Mediante un comunicado la C\u00e1mara Nacional de Comercio (CANACO), Xalapa solicitan el apoyo de las corporaciones policiacas estatales y municipales para que implementen la medidas de seguridad para la marcha no pac\u00edfica que est\u00e1 programada para el pr\u00f3ximo dos de Julio.<\/p>\n\n\n\n<p>En un comunicado firmado por el Consejo Directivo de la CANACO SERVYTUR Xalapa solicitan lo siguiente:<\/p>\n\n\n\n<p>\u201cAnte la convocatoria para realizar una marcha NO PAC\u00cdFICA por parte de due\u00f1os de antros, bares, cantinas y negocios con giro similar el d\u00eda 02 de julio; la C\u00e1mara de Comercio Servicios y Turismo de la Ciudad de Xalapa hace un llamado a las autoridades de Seguridad P\u00fablica Municipal y Estatal para que implementen las medidas de seguridad correspondientes para proteger y salvo guardar el patrimonio p\u00fablico y privado as\u00ed como la integridad f\u00edsica de los ciudadanos\u201d.<\/p>\n\n\n\n<p><strong>Se\u00f1ala el comunicado:<\/strong><br>Lo anterior se debe a que el d\u00eda 08 de junio un grupo de anarquistas realizaron un marcha donde realizaron destrozos en diferentes comercios, medios de comunicaci\u00f3n, al igual que algunas iglesias s\u00ed que las autoridades hicieran algo para detener tanto desorden.<\/p>\n\n\n\n<p>Por \u00faltimo cabe se\u00f1alar que est\u00e1n convocando para una marcha no pac\u00edfica para el d\u00eda 02 de julio por lo que los comerciantes temen que se vuelvan a repetir estas acciones sin que las autoridades no hagan nada y act\u00faen con impunidad.<\/p>\n\n\n\n<p><\/p>\n","protected":false},"excerpt":{"rendered":"<p>Dar\u00edo Pale Xalapa, Ver.- Mediante un comunicado la C\u00e1mara Nacional de Comercio (CANACO), Xalapa solicitan el apoyo de las corporaciones policiacas estatales y municipales para que implementen la medidas de seguridad para la marcha no pac\u00edfica que est\u00e1 programada para el pr\u00f3ximo dos de Julio. En un comunicado firmado por el Consejo Directivo de la [&hellip;]<\/p>\n","protected":false},"author":1,"featured_media":3657,"comment_status":"open","ping_status":"open","sticky":false,"template":"","format":"standard","meta":{"_jetpack_memberships_contains_paid_content":false,"footnotes":""},"categories":[3],"tags":[],"class_list":["post-3656","post","type-post","status-publish","format-standard","has-post-thumbnail","hentry","category-xalapa"],"jetpack_featured_media_url":"https:\/\/encuentroinformativo.com.mx\/wp-content\/uploads\/2020\/06\/B59FB329-7B32-452D-9294-BDA8E2C38728.jpeg","jetpack_sharing_enabled":true,"jetpack_likes_enabled":true,"amp_enabled":true,"_links":{"self":[{"href":"https:\/\/encuentroinformativo.com.mx\/index.php?rest_route=\/wp\/v2\/posts\/3656","targetHints":{"allow":["GET"]}}],"collection":[{"href":"https:\/\/encuentroinformativo.com.mx\/index.php?rest_route=\/wp\/v2\/posts"}],"about":[{"href":"https:\/\/encuentroinformativo.com.mx\/index.php?rest_route=\/wp\/v2\/types\/post"}],"author":[{"embeddable":true,"href":"https:\/\/encuentroinformativo.com.mx\/index.php?rest_route=\/wp\/v2\/users\/1"}],"replies":[{"embeddable":true,"href":"https:\/\/encuentroinformativo.com.mx\/index.php?rest_route=%2Fwp%2Fv2%2Fcomments&post=3656"}],"version-history":[{"count":1,"href":"https:\/\/encuentroinformativo.com.mx\/index.php?rest_route=\/wp\/v2\/posts\/3656\/revisions"}],"predecessor-version":[{"id":3658,"href":"https:\/\/encuentroinformativo.com.mx\/index.php?rest_route=\/wp\/v2\/posts\/3656\/revisions\/3658"}],"wp:featuredmedia":[{"embeddable":true,"href":"https:\/\/encuentroinformativo.com.mx\/index.php?rest_route=\/wp\/v2\/media\/3657"}],"wp:attachment":[{"href":"https:\/\/encuentroinformativo.com.mx\/index.php?rest_route=%2Fwp%2Fv2%2Fmedia&parent=3656"}],"wp:term":[{"taxonomy":"category","embeddable":true,"href":"https:\/\/encuentroinformativo.com.mx\/index.php?rest_route=%2Fwp%2Fv2%2Fcategories&post=3656"},{"taxonomy":"post_tag","embeddable":true,"href":"https:\/\/encuentroinformativo.com.mx\/index.php?rest_route=%2Fwp%2Fv2%2Ftags&post=3656"}],"curies":[{"name":"wp","href":"https:\/\/api.w.org\/{rel}","templated":true}]}}