{"id":36562,"date":"2023-02-09T13:46:28","date_gmt":"2023-02-09T19:46:28","guid":{"rendered":"https:\/\/encuentroinformativo.com.mx\/?p=36562"},"modified":"2023-02-09T13:46:31","modified_gmt":"2023-02-09T19:46:31","slug":"doble-de-leo-dan-ofrecera-concierto-en-xalapa","status":"publish","type":"post","link":"https:\/\/encuentroinformativo.com.mx\/?p=36562","title":{"rendered":"Doble de Leo Dan ofrecer\u00e1 concierto en Xalapa"},"content":{"rendered":"\n<p><strong>Israel Garc\u00eda <\/strong><\/p>\n\n\n\n<p>Xalapa, Ver.- Por primera vez en Xalapa se presentar\u00e1 este s\u00e1bado 11 de febrero del presente a\u00f1o, H\u00e9ctor Garc\u00eda mejor conocido como el doble de Leo Dan.<\/p>\n\n\n\n<p>El lugar es el Centro de Atenci\u00f3n Integral para Personas Adultas Mayores \u201cQuinta de las Rosas\u201d ubicado en la Avenida 20 de Noviembre.<\/p>\n\n\n\n<p>H\u00e9ctor Garc\u00eda, el doble de Leo Dan, es originario del pueblo m\u00e1gico Coatepec, explic\u00f3 que estan promocionando &#8220;y bendito <em>Dios<\/em> le ha ido muy bien con algunas presentaciones, vamos estar en esta bella ciudad que es Xalapa, presentar\u00e1 un concierto para las personas de la tercera edad, para todas las familias, de todos los municipios aleda\u00f1os y de otros estados del pa\u00eds&#8221;.<\/p>\n\n\n\n<p>Los esperamos este s\u00e1bado a partir de la 12:00 del d\u00eda, el costo de la entrada 100 pesos, para que me acompa\u00f1en y todas, todos\u00a0 cantemos las canciones de Leo Dan, para recordar cuando le mandaban canciones para conquistar a la mujer de su vida, dijo.<\/p>\n\n\n\n<p>El artista invit\u00f3 para que vayan con la familia para escuchar los grandes \u00e9xitos como: Mari es mi amor, Esa pared, C\u00f3mo te extra\u00f1o mi amor, de Leopoldo Dante T\u00e9vez, mejor conocido como Leo Dan.<\/p>\n\n\n\n<p><\/p>\n","protected":false},"excerpt":{"rendered":"<p>Israel Garc\u00eda Xalapa, Ver.- Por primera vez en Xalapa se presentar\u00e1 este s\u00e1bado 11 de febrero del presente a\u00f1o, H\u00e9ctor Garc\u00eda mejor conocido como el doble de Leo Dan. El lugar es el Centro de Atenci\u00f3n Integral para Personas Adultas Mayores \u201cQuinta de las Rosas\u201d ubicado en la Avenida 20 de Noviembre. H\u00e9ctor Garc\u00eda, el [&hellip;]<\/p>\n","protected":false},"author":2476,"featured_media":36563,"comment_status":"open","ping_status":"open","sticky":false,"template":"","format":"standard","meta":{"_jetpack_memberships_contains_paid_content":false,"footnotes":""},"categories":[3],"tags":[],"class_list":["post-36562","post","type-post","status-publish","format-standard","has-post-thumbnail","hentry","category-xalapa"],"jetpack_featured_media_url":"https:\/\/encuentroinformativo.com.mx\/wp-content\/uploads\/2023\/02\/Photo_1675971405199.jpg","jetpack_sharing_enabled":true,"jetpack_likes_enabled":true,"amp_enabled":true,"_links":{"self":[{"href":"https:\/\/encuentroinformativo.com.mx\/index.php?rest_route=\/wp\/v2\/posts\/36562","targetHints":{"allow":["GET"]}}],"collection":[{"href":"https:\/\/encuentroinformativo.com.mx\/index.php?rest_route=\/wp\/v2\/posts"}],"about":[{"href":"https:\/\/encuentroinformativo.com.mx\/index.php?rest_route=\/wp\/v2\/types\/post"}],"author":[{"embeddable":true,"href":"https:\/\/encuentroinformativo.com.mx\/index.php?rest_route=\/wp\/v2\/users\/2476"}],"replies":[{"embeddable":true,"href":"https:\/\/encuentroinformativo.com.mx\/index.php?rest_route=%2Fwp%2Fv2%2Fcomments&post=36562"}],"version-history":[{"count":1,"href":"https:\/\/encuentroinformativo.com.mx\/index.php?rest_route=\/wp\/v2\/posts\/36562\/revisions"}],"predecessor-version":[{"id":36564,"href":"https:\/\/encuentroinformativo.com.mx\/index.php?rest_route=\/wp\/v2\/posts\/36562\/revisions\/36564"}],"wp:featuredmedia":[{"embeddable":true,"href":"https:\/\/encuentroinformativo.com.mx\/index.php?rest_route=\/wp\/v2\/media\/36563"}],"wp:attachment":[{"href":"https:\/\/encuentroinformativo.com.mx\/index.php?rest_route=%2Fwp%2Fv2%2Fmedia&parent=36562"}],"wp:term":[{"taxonomy":"category","embeddable":true,"href":"https:\/\/encuentroinformativo.com.mx\/index.php?rest_route=%2Fwp%2Fv2%2Fcategories&post=36562"},{"taxonomy":"post_tag","embeddable":true,"href":"https:\/\/encuentroinformativo.com.mx\/index.php?rest_route=%2Fwp%2Fv2%2Ftags&post=36562"}],"curies":[{"name":"wp","href":"https:\/\/api.w.org\/{rel}","templated":true}]}}