{"id":36565,"date":"2023-02-09T14:00:48","date_gmt":"2023-02-09T20:00:48","guid":{"rendered":"https:\/\/encuentroinformativo.com.mx\/?p=36565"},"modified":"2023-02-09T16:07:12","modified_gmt":"2023-02-09T22:07:12","slug":"espera-diputada-respuesta-del-ople-para-sancionar-a-titular-de-segob","status":"publish","type":"post","link":"https:\/\/encuentroinformativo.com.mx\/?p=36565","title":{"rendered":"Espera diputada respuesta del OPLE para sancionar a titular de Segob"},"content":{"rendered":"\n<p><strong>Dar\u00edo Pale<\/strong><\/p>\n\n\n\n<p>Xalapa, Ver.- El Secretario de Gobierno Eric Cisneros Burgos debe de ser registrado en el padr\u00f3n de violentadores, as\u00ed lo se\u00f1al\u00f3 la diputada local Ruth Callejas Rold\u00e1n, esto despu\u00e9s de haber sufrido violencia pol\u00edtica en raz\u00f3n de g\u00e9nero por parte del Secretario.<\/p>\n\n\n\n<p>En conferencia de prensa dijo confiar que el Organismo P\u00fablico Local Electoral (OPLE), har\u00e1 lo correcto por lo que adem\u00e1s de una sanci\u00f3n administrativas, espera que en el \u00a0padr\u00f3n de Personas Sancionadas en Materia de Violencia Pol\u00edtica contra las Mujeres, lo que le impedir\u00eda contender por cargos p\u00fablicos para el 2024.<\/p>\n\n\n\n<p>&#8220;Las sanciones pueden ser administrativas, pero lo que si es que la Sala Superior dijo que si hubo violencia y lo que esperamos es que sea inscrito en el padr\u00f3n de violentadores&#8221;, se\u00f1al\u00f3.<\/p>\n\n\n\n<p>La legisladora de Movimiento Ciudadano (MC), Ruth Callejas Rold\u00e1n, dej\u00f3 en claro que ahora el OPLE \u00a0deber\u00e1 determinar si el secretario de Gobierno, Eric Cisneros Burgos incurri\u00f3 en violencia pol\u00edtica en raz\u00f3n de g\u00e9nero.<\/p>\n\n\n\n<p>Lo anterior se deriva de su pasada comparecencia en el mes de noviembre cuando presuntamente critic\u00f3 la forma en que la legisladora Ruth Callejas \u00a0lleg\u00f3 a ese cargo.<\/p>\n\n\n\n<p>Cabe recordar que el mi\u00e9rcoles la Sala Superior del Tribunal Electoral del Poder Judicial de la Federaci\u00f3n revoc\u00f3, por mayor\u00eda de cinco votos, la determinaci\u00f3n de la Sala Regional Xalapa que hab\u00eda determinado el desechamiento de la demanda que hizo contra el funcionario. \u00a0<\/p>\n\n\n\n<p>Y es que, dentro del expediente SUP-REC-506\/2022 analizado por los magistrados del pleno, la diputada local aleg\u00f3 la afectaci\u00f3n a su derecho pol\u00edtico-electoral de ejercer efectivamente su cargo, estimando que el funcionario estatal emiti\u00f3 expresiones constitutivas de Violencia Pol\u00edtica de G\u00e9nero en su contra al ser cuestionado por ella en su comparecencia. \u00a0<\/p>\n\n\n\n<p>Por \u00faltimo cabe se\u00f1alar que durante la conferencia fue acompa\u00f1ada por profesoras; Callejas Rold\u00e1n dijo que ahora la ponencia se debe de engrosar con la sentencia de la Sala Superior, por ello conf\u00eda en un nuevo resolutivo del OPLE.<\/p>\n\n\n\n<figure class=\"wp-block-image size-large\"><img loading=\"lazy\" decoding=\"async\" width=\"1024\" height=\"469\" src=\"https:\/\/encuentroinformativo.com.mx\/wp-content\/uploads\/2023\/02\/Photo_1675972585521-1024x469.jpg\" alt=\"\" class=\"wp-image-36567\" srcset=\"https:\/\/encuentroinformativo.com.mx\/wp-content\/uploads\/2023\/02\/Photo_1675972585521-1024x469.jpg 1024w, https:\/\/encuentroinformativo.com.mx\/wp-content\/uploads\/2023\/02\/Photo_1675972585521-300x137.jpg 300w, https:\/\/encuentroinformativo.com.mx\/wp-content\/uploads\/2023\/02\/Photo_1675972585521-768x351.jpg 768w, https:\/\/encuentroinformativo.com.mx\/wp-content\/uploads\/2023\/02\/Photo_1675972585521-1536x703.jpg 1536w, https:\/\/encuentroinformativo.com.mx\/wp-content\/uploads\/2023\/02\/Photo_1675972585521.jpg 1960w\" sizes=\"auto, (max-width: 1024px) 100vw, 1024px\" \/><\/figure>\n","protected":false},"excerpt":{"rendered":"<p>Dar\u00edo Pale Xalapa, Ver.- El Secretario de Gobierno Eric Cisneros Burgos debe de ser registrado en el padr\u00f3n de violentadores, as\u00ed lo se\u00f1al\u00f3 la diputada local Ruth Callejas Rold\u00e1n, esto despu\u00e9s de haber sufrido violencia pol\u00edtica en raz\u00f3n de g\u00e9nero por parte del Secretario. En conferencia de prensa dijo confiar que el Organismo P\u00fablico Local [&hellip;]<\/p>\n","protected":false},"author":2476,"featured_media":36566,"comment_status":"open","ping_status":"open","sticky":false,"template":"","format":"standard","meta":{"_jetpack_memberships_contains_paid_content":false,"footnotes":""},"categories":[2],"tags":[],"class_list":["post-36565","post","type-post","status-publish","format-standard","has-post-thumbnail","hentry","category-estado"],"jetpack_featured_media_url":"https:\/\/encuentroinformativo.com.mx\/wp-content\/uploads\/2023\/02\/Photo_1675972626100.jpg","jetpack_sharing_enabled":true,"jetpack_likes_enabled":true,"amp_enabled":true,"_links":{"self":[{"href":"https:\/\/encuentroinformativo.com.mx\/index.php?rest_route=\/wp\/v2\/posts\/36565","targetHints":{"allow":["GET"]}}],"collection":[{"href":"https:\/\/encuentroinformativo.com.mx\/index.php?rest_route=\/wp\/v2\/posts"}],"about":[{"href":"https:\/\/encuentroinformativo.com.mx\/index.php?rest_route=\/wp\/v2\/types\/post"}],"author":[{"embeddable":true,"href":"https:\/\/encuentroinformativo.com.mx\/index.php?rest_route=\/wp\/v2\/users\/2476"}],"replies":[{"embeddable":true,"href":"https:\/\/encuentroinformativo.com.mx\/index.php?rest_route=%2Fwp%2Fv2%2Fcomments&post=36565"}],"version-history":[{"count":2,"href":"https:\/\/encuentroinformativo.com.mx\/index.php?rest_route=\/wp\/v2\/posts\/36565\/revisions"}],"predecessor-version":[{"id":36584,"href":"https:\/\/encuentroinformativo.com.mx\/index.php?rest_route=\/wp\/v2\/posts\/36565\/revisions\/36584"}],"wp:featuredmedia":[{"embeddable":true,"href":"https:\/\/encuentroinformativo.com.mx\/index.php?rest_route=\/wp\/v2\/media\/36566"}],"wp:attachment":[{"href":"https:\/\/encuentroinformativo.com.mx\/index.php?rest_route=%2Fwp%2Fv2%2Fmedia&parent=36565"}],"wp:term":[{"taxonomy":"category","embeddable":true,"href":"https:\/\/encuentroinformativo.com.mx\/index.php?rest_route=%2Fwp%2Fv2%2Fcategories&post=36565"},{"taxonomy":"post_tag","embeddable":true,"href":"https:\/\/encuentroinformativo.com.mx\/index.php?rest_route=%2Fwp%2Fv2%2Ftags&post=36565"}],"curies":[{"name":"wp","href":"https:\/\/api.w.org\/{rel}","templated":true}]}}