{"id":36578,"date":"2023-02-09T15:42:18","date_gmt":"2023-02-09T21:42:18","guid":{"rendered":"https:\/\/encuentroinformativo.com.mx\/?p=36578"},"modified":"2023-02-09T15:42:21","modified_gmt":"2023-02-09T21:42:21","slug":"participaran-40-municipios-en-encuentro-cultural-orgullo-veracruzano","status":"publish","type":"post","link":"https:\/\/encuentroinformativo.com.mx\/?p=36578","title":{"rendered":"Participar\u00e1n 40 municipios en Encuentro Cultural Orgullo Veracruzano"},"content":{"rendered":"\n<p><strong>Juan Arcos<\/strong> <\/p>\n\n\n\n<p>Coatepec, Ver.- El secretario de Gobierno, Eric Cisneros Burgos, present\u00f3 el <strong>Segundo Encuentro Cultural del Orgullo Veracruzano<\/strong> en el municipio de Coatepec, que se llevar\u00e1 a cabo del 10 al 12 de marzo.<\/p>\n\n\n\n<p>La tarde de este jueves 9 de febrero, el funcionario estatal indic\u00f3 que participar\u00e1n 40 municipios de las 10 regiones del estado para promover la cultura de los pueblos afrodescendientes.<\/p>\n\n\n\n<p>En el parque Miguel Hidalgo de Coatepec, indic\u00f3 que habr\u00e1 un foro artesanal, conciertos, fandango y degustaci\u00f3n gastron\u00f3mica en el Pueblo M\u00e1gico.<\/p>\n\n\n\n<p>A estas actividades se sumar\u00e1n los municipios con presencia de poblaciones afrodescendientes, como <strong>Tlacotalpan, Papantla, Huatusco, Actopan, Yanga, Cuitl\u00e1huac y San Andr\u00e9s Tuxtla<\/strong>, por mencionar algunos.<\/p>\n\n\n\n<p>La sede principal para los eventos culturales y art\u00edsticos ser\u00e1 el parque Miguel Hidalgo, mismos que ser\u00e1n transmitidos a trav\u00e9s de la se\u00f1al de Radio Televisi\u00f3n de Veracruz, as\u00ed como tambi\u00e9n, en redes sociales.<\/p>\n\n\n\n<p>El viernes 10 de marzo se presentar\u00e1 la Sonora Dinamita; el s\u00e1bado 11, Merenglass; y, el domingo 12, La Cachimba y Junior Klan.<\/p>\n\n\n\n<p>Tambi\u00e9n habr\u00e1 talleres de Son Jarocho, elaboraci\u00f3n de m\u00e1scaras, creaci\u00f3n de trenzas, ritmos afrolatinos y de plantas tint\u00f3reas.<\/p>\n\n\n\n<p>Estar\u00e1n presentes las Mujeres de Humo, Mujeres de Ma\u00edz, las Cocineras de Cuitl\u00e1huac y Yanga, y m\u00e9dicos tradicionales de todas las regiones.<\/p>\n\n\n\n<p><strong>HABR\u00c1 PALO VOLADOR EN COATEPEC<\/strong><\/p>\n\n\n\n<p>El funcionario estatal indic\u00f3 que Coatepec tiene influencia totonaca y por ello anunci\u00f3 que en pr\u00f3ximas semanas se iniciar\u00e1 la colocaci\u00f3n de un palo de los voladores de Papantla.<\/p>\n\n\n\n<p>\u201cYa lo platicamos con el se\u00f1or alcalde y su cabildo para que tengamos actividades y no perdamos la esencia de lo que somos en Coatepec y en toda esta regi\u00f3n, que es una regi\u00f3n inminentemente con influencia totonaca y que podamos promoverla con orgullo\u201d, expres\u00f3.<\/p>\n","protected":false},"excerpt":{"rendered":"<p>Juan Arcos Coatepec, Ver.- El secretario de Gobierno, Eric Cisneros Burgos, present\u00f3 el Segundo Encuentro Cultural del Orgullo Veracruzano en el municipio de Coatepec, que se llevar\u00e1 a cabo del 10 al 12 de marzo. La tarde de este jueves 9 de febrero, el funcionario estatal indic\u00f3 que participar\u00e1n 40 municipios de las 10 regiones [&hellip;]<\/p>\n","protected":false},"author":2476,"featured_media":36579,"comment_status":"open","ping_status":"open","sticky":false,"template":"","format":"standard","meta":{"_jetpack_memberships_contains_paid_content":false,"footnotes":""},"categories":[2],"tags":[],"class_list":["post-36578","post","type-post","status-publish","format-standard","has-post-thumbnail","hentry","category-estado"],"jetpack_featured_media_url":"https:\/\/encuentroinformativo.com.mx\/wp-content\/uploads\/2023\/02\/IMG_2315.jpg","jetpack_sharing_enabled":true,"jetpack_likes_enabled":true,"amp_enabled":true,"_links":{"self":[{"href":"https:\/\/encuentroinformativo.com.mx\/index.php?rest_route=\/wp\/v2\/posts\/36578","targetHints":{"allow":["GET"]}}],"collection":[{"href":"https:\/\/encuentroinformativo.com.mx\/index.php?rest_route=\/wp\/v2\/posts"}],"about":[{"href":"https:\/\/encuentroinformativo.com.mx\/index.php?rest_route=\/wp\/v2\/types\/post"}],"author":[{"embeddable":true,"href":"https:\/\/encuentroinformativo.com.mx\/index.php?rest_route=\/wp\/v2\/users\/2476"}],"replies":[{"embeddable":true,"href":"https:\/\/encuentroinformativo.com.mx\/index.php?rest_route=%2Fwp%2Fv2%2Fcomments&post=36578"}],"version-history":[{"count":1,"href":"https:\/\/encuentroinformativo.com.mx\/index.php?rest_route=\/wp\/v2\/posts\/36578\/revisions"}],"predecessor-version":[{"id":36580,"href":"https:\/\/encuentroinformativo.com.mx\/index.php?rest_route=\/wp\/v2\/posts\/36578\/revisions\/36580"}],"wp:featuredmedia":[{"embeddable":true,"href":"https:\/\/encuentroinformativo.com.mx\/index.php?rest_route=\/wp\/v2\/media\/36579"}],"wp:attachment":[{"href":"https:\/\/encuentroinformativo.com.mx\/index.php?rest_route=%2Fwp%2Fv2%2Fmedia&parent=36578"}],"wp:term":[{"taxonomy":"category","embeddable":true,"href":"https:\/\/encuentroinformativo.com.mx\/index.php?rest_route=%2Fwp%2Fv2%2Fcategories&post=36578"},{"taxonomy":"post_tag","embeddable":true,"href":"https:\/\/encuentroinformativo.com.mx\/index.php?rest_route=%2Fwp%2Fv2%2Ftags&post=36578"}],"curies":[{"name":"wp","href":"https:\/\/api.w.org\/{rel}","templated":true}]}}