{"id":36581,"date":"2023-02-09T16:01:57","date_gmt":"2023-02-09T22:01:57","guid":{"rendered":"https:\/\/encuentroinformativo.com.mx\/?p=36581"},"modified":"2023-02-09T16:02:01","modified_gmt":"2023-02-09T22:02:01","slug":"siguen-buscando-a-juan-luis-desaparecio-en-actopan","status":"publish","type":"post","link":"https:\/\/encuentroinformativo.com.mx\/?p=36581","title":{"rendered":"Siguen buscando a Juan Luis, desapareci\u00f3 en Actopan"},"content":{"rendered":"\n<p><strong>Juan Arcos<\/strong><\/p>\n\n\n\n<p>Xalapa, Ver.- Familiares de Juan Luis Guevara Zavala protestaron en Plaza Sebasti\u00e1n Lerdo de Tejada, en el centro de esta ciudad de Xalapa, para denunciar que a\u00fan no hay avances en las investigaciones para su localizaci\u00f3n con vida.<\/p>\n\n\n\n<p>Frente al Palacio de Gobierno, su hermana, quien solicit\u00f3 el anonimato por temor a represalias, record\u00f3 que la \u00faltima vez que vio a Juan Luis fue en el cumplea\u00f1os de su mam\u00e1, el 9 de marzo de 2022 y desde el pasado 16 de diciembre lo buscan tras haber sido sustra\u00eddo de su restaurante-bar en el municipio de Actopan.<\/p>\n\n\n\n<p>La mujer relat\u00f3 que su familiar desapareci\u00f3 en la misma fecha que otras dos personas en Actopan de nombre Carlos Omar Morales Barradas, de 32 a\u00f1os, y Jos\u00e9 Emanuel Ger\u00f3n Flores, de 36 a\u00f1os.<\/p>\n\n\n\n<p>\u201cEstamos conscientes que tienen muchas personas desaparecidas, que hay ni\u00f1os, que est\u00e1n primero los ni\u00f1os pero tambi\u00e9n somos familia y estamos preocupados. Muchas veces como madres no sabemos de los errores de nuestros hijos y es una preocupaci\u00f3n muy fuerte como familia, como padres, como hermanos\u201d, expres\u00f3.<\/p>\n\n\n\n<p>La hermana lament\u00f3 que a casi dos meses de la desaparici\u00f3n no haya avances en la investigaci\u00f3n correspondiente.<\/p>\n\n\n\n<p>\u201cCon la \u00fanica que hemos contado ahorita es el jur\u00eddico, que nos est\u00e1 ayudando de pies a cabeza, te lo asignan directamente la Comisi\u00f3n Estatal de V\u00edctimas, nosotros no sab\u00edamos ni qu\u00e9 hacer, ah\u00ed te apoyan y te dicen qu\u00e9 hacer. Nuestras cabezas no est\u00e1n fr\u00edas, est\u00e1n preocupadas\u201d, dijo.<\/p>\n\n\n\n<p>Cabe recordar que Juan Luis Guevara Zavala fue sacado de su negocio, por lo que familiares y conocidos decidieron realizar jornadas de b\u00fasqueda por su cuenta para localizarlo con vida.<\/p>\n\n\n\n<p>En esas acciones ya han recorrido localidades de Actopan sin encontrar pistas de su paradero.<\/p>\n","protected":false},"excerpt":{"rendered":"<p>Juan Arcos Xalapa, Ver.- Familiares de Juan Luis Guevara Zavala protestaron en Plaza Sebasti\u00e1n Lerdo de Tejada, en el centro de esta ciudad de Xalapa, para denunciar que a\u00fan no hay avances en las investigaciones para su localizaci\u00f3n con vida. Frente al Palacio de Gobierno, su hermana, quien solicit\u00f3 el anonimato por temor a represalias, [&hellip;]<\/p>\n","protected":false},"author":2476,"featured_media":36582,"comment_status":"open","ping_status":"open","sticky":false,"template":"","format":"standard","meta":{"_jetpack_memberships_contains_paid_content":false,"footnotes":""},"categories":[8],"tags":[],"class_list":["post-36581","post","type-post","status-publish","format-standard","has-post-thumbnail","hentry","category-region"],"jetpack_featured_media_url":"https:\/\/encuentroinformativo.com.mx\/wp-content\/uploads\/2023\/02\/fc8d10fb-489c-4228-ac83-d9b27842f040.jpg","jetpack_sharing_enabled":true,"jetpack_likes_enabled":true,"amp_enabled":true,"_links":{"self":[{"href":"https:\/\/encuentroinformativo.com.mx\/index.php?rest_route=\/wp\/v2\/posts\/36581","targetHints":{"allow":["GET"]}}],"collection":[{"href":"https:\/\/encuentroinformativo.com.mx\/index.php?rest_route=\/wp\/v2\/posts"}],"about":[{"href":"https:\/\/encuentroinformativo.com.mx\/index.php?rest_route=\/wp\/v2\/types\/post"}],"author":[{"embeddable":true,"href":"https:\/\/encuentroinformativo.com.mx\/index.php?rest_route=\/wp\/v2\/users\/2476"}],"replies":[{"embeddable":true,"href":"https:\/\/encuentroinformativo.com.mx\/index.php?rest_route=%2Fwp%2Fv2%2Fcomments&post=36581"}],"version-history":[{"count":1,"href":"https:\/\/encuentroinformativo.com.mx\/index.php?rest_route=\/wp\/v2\/posts\/36581\/revisions"}],"predecessor-version":[{"id":36583,"href":"https:\/\/encuentroinformativo.com.mx\/index.php?rest_route=\/wp\/v2\/posts\/36581\/revisions\/36583"}],"wp:featuredmedia":[{"embeddable":true,"href":"https:\/\/encuentroinformativo.com.mx\/index.php?rest_route=\/wp\/v2\/media\/36582"}],"wp:attachment":[{"href":"https:\/\/encuentroinformativo.com.mx\/index.php?rest_route=%2Fwp%2Fv2%2Fmedia&parent=36581"}],"wp:term":[{"taxonomy":"category","embeddable":true,"href":"https:\/\/encuentroinformativo.com.mx\/index.php?rest_route=%2Fwp%2Fv2%2Fcategories&post=36581"},{"taxonomy":"post_tag","embeddable":true,"href":"https:\/\/encuentroinformativo.com.mx\/index.php?rest_route=%2Fwp%2Fv2%2Ftags&post=36581"}],"curies":[{"name":"wp","href":"https:\/\/api.w.org\/{rel}","templated":true}]}}