{"id":36589,"date":"2023-02-09T19:24:41","date_gmt":"2023-02-10T01:24:41","guid":{"rendered":"https:\/\/encuentroinformativo.com.mx\/?p=36589"},"modified":"2023-02-09T19:24:45","modified_gmt":"2023-02-10T01:24:45","slug":"entrega-alcalde-jm-unanue-donativo-a-amanc-veracruz","status":"publish","type":"post","link":"https:\/\/encuentroinformativo.com.mx\/?p=36589","title":{"rendered":"Entrega Alcalde JM Un\u00e1nue donativo a AMANC Veracruz"},"content":{"rendered":"\n<p>*<em><strong>Junto al DIF Municipal se suman a la campa\u00f1a de conciencia para que ning\u00fan menor de edad con c\u00e1ncer abandone su tratamiento por falta de recursos<\/strong><\/em><\/p>\n\n\n\n<p>Boca del Rio, Ver.- El alcalde de Boca del R\u00edo, Juan Manuel Un\u00e1nue Abascal y la presidenta del DIF municipal, Melina Rivera de Un\u00e1nue, realizaron la entrega de un donativo por 50 mil pesos a la Asociaci\u00f3n Mexicana de Ayuda a Ni\u00f1os con C\u00e1ncer (AMANC Veracruz).<\/p>\n\n\n\n<p>En las instalaciones del Museo del Pirata se organiz\u00f3 una convivencia con ni\u00f1as y ni\u00f1os que esta asociaci\u00f3n apoya actualmente; ah\u00ed, el presidente municipal reconoci\u00f3 la labor de AMANC y asegur\u00f3 que cuentan con su gobierno para seguir apoyando a los menores que padecen alg\u00fan tipo de c\u00e1ncer.<\/p>\n\n\n\n<p>\u201cEs el primer donativo que entregamos este a\u00f1o, el a\u00f1o pasado apoyamos a asociaciones civiles que atienden diferentes tipos de problemas, siempre estamos con la disposici\u00f3n y la apertura pero sobre todo, con la sensibilidad que representa\u201d, destac\u00f3 el Alcalde.<\/p>\n\n\n\n<p>Un\u00e1nue Abascal agradeci\u00f3 y felicit\u00f3 a la presidenta de AMANC, Susana Lara Garc\u00eda, por estar siempre al pendiente de los ni\u00f1os al paso de los 40 a\u00f1os de existencia con los que cuenta la asociaci\u00f3n.<\/p>\n\n\n\n<p>Por su parte, la presidenta del DIF municipal anunci\u00f3 que a partir de este lunes comenzar\u00e1 una jornada de pl\u00e1ticas para la detecci\u00f3n oportuna del c\u00e1ncer infantil, en el marco del d\u00eda internacional de la lucha contra esta enfermedad que se conmemora el pr\u00f3ximo 15 de febrero.<\/p>\n\n\n\n<p>Estas pl\u00e1ticas ser\u00e1n impartidas por personal de AMANC a padres y madres de los estudiantes de los CADIS y CAICS, sin embargo, Melina Rivera de Un\u00e1nue extendi\u00f3 la invitaci\u00f3n a las escuelas primarias boque\u00f1as para sumarse y llevar hasta sus centros educativos estas charlas.<\/p>\n\n\n\n<p>\u201cInvitamos a las escuelas primarias de Boca del R\u00edo a que nos contacten para llevar tambi\u00e9n hasta sus centros educativos estas pl\u00e1ticas para la detecci\u00f3n oportuna del c\u00e1ncer infantil\u201d, expres\u00f3.<\/p>\n\n\n\n<p>Adem\u00e1s de la entrega del donativo se les prepar\u00f3 a los peque\u00f1itos una ma\u00f1ana de actividades y juegos en el Museo del Pirata, en donde pudieron degustar un desayuno preparado especialmente para ellos y disfrutar de las instalaciones de este inmueble.<\/p>\n\n\n\n<figure class=\"wp-block-image size-large\"><img loading=\"lazy\" decoding=\"async\" width=\"1024\" height=\"682\" src=\"https:\/\/encuentroinformativo.com.mx\/wp-content\/uploads\/2023\/02\/IMG-20230209-WA0163.jpg\" alt=\"\" class=\"wp-image-36592\" srcset=\"https:\/\/encuentroinformativo.com.mx\/wp-content\/uploads\/2023\/02\/IMG-20230209-WA0163.jpg 1024w, https:\/\/encuentroinformativo.com.mx\/wp-content\/uploads\/2023\/02\/IMG-20230209-WA0163-300x200.jpg 300w, https:\/\/encuentroinformativo.com.mx\/wp-content\/uploads\/2023\/02\/IMG-20230209-WA0163-768x512.jpg 768w\" sizes=\"auto, (max-width: 1024px) 100vw, 1024px\" \/><\/figure>\n","protected":false},"excerpt":{"rendered":"<p>*Junto al DIF Municipal se suman a la campa\u00f1a de conciencia para que ning\u00fan menor de edad con c\u00e1ncer abandone su tratamiento por falta de recursos Boca del Rio, Ver.- El alcalde de Boca del R\u00edo, Juan Manuel Un\u00e1nue Abascal y la presidenta del DIF municipal, Melina Rivera de Un\u00e1nue, realizaron la entrega de un [&hellip;]<\/p>\n","protected":false},"author":2476,"featured_media":36591,"comment_status":"open","ping_status":"open","sticky":false,"template":"","format":"standard","meta":{"_jetpack_memberships_contains_paid_content":false,"footnotes":""},"categories":[2],"tags":[],"class_list":["post-36589","post","type-post","status-publish","format-standard","has-post-thumbnail","hentry","category-estado"],"jetpack_featured_media_url":"https:\/\/encuentroinformativo.com.mx\/wp-content\/uploads\/2023\/02\/IMG-20230209-WA0164.jpg","jetpack_sharing_enabled":true,"jetpack_likes_enabled":true,"amp_enabled":true,"_links":{"self":[{"href":"https:\/\/encuentroinformativo.com.mx\/index.php?rest_route=\/wp\/v2\/posts\/36589","targetHints":{"allow":["GET"]}}],"collection":[{"href":"https:\/\/encuentroinformativo.com.mx\/index.php?rest_route=\/wp\/v2\/posts"}],"about":[{"href":"https:\/\/encuentroinformativo.com.mx\/index.php?rest_route=\/wp\/v2\/types\/post"}],"author":[{"embeddable":true,"href":"https:\/\/encuentroinformativo.com.mx\/index.php?rest_route=\/wp\/v2\/users\/2476"}],"replies":[{"embeddable":true,"href":"https:\/\/encuentroinformativo.com.mx\/index.php?rest_route=%2Fwp%2Fv2%2Fcomments&post=36589"}],"version-history":[{"count":1,"href":"https:\/\/encuentroinformativo.com.mx\/index.php?rest_route=\/wp\/v2\/posts\/36589\/revisions"}],"predecessor-version":[{"id":36593,"href":"https:\/\/encuentroinformativo.com.mx\/index.php?rest_route=\/wp\/v2\/posts\/36589\/revisions\/36593"}],"wp:featuredmedia":[{"embeddable":true,"href":"https:\/\/encuentroinformativo.com.mx\/index.php?rest_route=\/wp\/v2\/media\/36591"}],"wp:attachment":[{"href":"https:\/\/encuentroinformativo.com.mx\/index.php?rest_route=%2Fwp%2Fv2%2Fmedia&parent=36589"}],"wp:term":[{"taxonomy":"category","embeddable":true,"href":"https:\/\/encuentroinformativo.com.mx\/index.php?rest_route=%2Fwp%2Fv2%2Fcategories&post=36589"},{"taxonomy":"post_tag","embeddable":true,"href":"https:\/\/encuentroinformativo.com.mx\/index.php?rest_route=%2Fwp%2Fv2%2Ftags&post=36589"}],"curies":[{"name":"wp","href":"https:\/\/api.w.org\/{rel}","templated":true}]}}