{"id":3659,"date":"2020-06-26T12:25:14","date_gmt":"2020-06-26T17:25:14","guid":{"rendered":"https:\/\/encuentroinformativo.com\/?p=3659"},"modified":"2020-06-26T12:25:16","modified_gmt":"2020-06-26T17:25:16","slug":"padres-acusan-discriminacion-en-colegio-de-perote","status":"publish","type":"post","link":"https:\/\/encuentroinformativo.com.mx\/?p=3659","title":{"rendered":"Padres acusan discriminaci\u00f3n en colegio de Perote"},"content":{"rendered":"\n<p><strong>Juan Arcos <\/strong><\/p>\n\n\n\n<p>Xalapa, Ver.- A Aldo, un ni\u00f1o con autismo de diez a\u00f1os, le negaron su inscripci\u00f3n al ciclo escolar 2020-2021 en un colegio particular del municipio de Perote.<\/p>\n\n\n\n<p>Su madre Yary Yared D\u00edaz Garc\u00eda denunci\u00f3 que se trat\u00f3 de un acto de discriminaci\u00f3n en la escuela \u201cMar\u00eda Montessori\u201d.<\/p>\n\n\n\n<p>La se\u00f1ora present\u00f3 una queja en la Comisi\u00f3n Estatal de Derechos Humanos (CEDH) y en el Sistema de Protecci\u00f3n de Ni\u00f1as, Ni\u00f1os y Adolescentes (Sipinna).<\/p>\n\n\n\n<p>Adem\u00e1s, presentar\u00e1 el caso a la Secretar\u00eda de Educaci\u00f3n de Veracruz (SEV), a cargo de Zenyazen Escobar Garc\u00eda, para que el colegio reciba la sanci\u00f3n correspondiente.<\/p>\n\n\n\n<p>La entrevistada record\u00f3 que la directora del plantel, Laura Salas Mart\u00ednez, le llam\u00f3 por tel\u00e9fono el pasado viernes 19 de junio, alrededor de las 17:00 horas, para decirle que su hijo no ser\u00eda admitido.<\/p>\n\n\n\n<p>\u201cLa directora me hizo una llamada para decirme que no me iban a poder recibir al ni\u00f1o, ya que algunas madres de familia hab\u00edan amenazado con no inscribir a sus hijos si \u00e9l segu\u00eda asistiendo a esa escuela. Entonces, yo molesta y triste le dije que eso se me hac\u00eda una discriminaci\u00f3n contra mi hijo\u201d.<\/p>\n\n\n\n<p>Las mam\u00e1s argumentaron que hab\u00eda muchas quejas por el comportamiento de Aldo en su anterior escuela: \u201cPedro Anzurez\u201d, donde las autoridades acad\u00e9micas negaron haber hecho comentarios despectivos contra el menor.<\/p>\n\n\n\n<p>El ni\u00f1o fue diagnosticado con trastorno de espectro autista (TEA) en nivel uno por m\u00e9dicos especialistas, quienes consideraron que no era necesario que acudiera a una instituci\u00f3n de educaci\u00f3n especial.<\/p>\n\n\n\n<p>\u201cLe dan crisis emocionales, explosivas, cuando algo lo irrita, le dan como crisis emocionales\u201d.<\/p>\n\n\n\n<p>D\u00edaz Garc\u00eda indic\u00f3 que buscar\u00e1 otra escuela para Aldo por la discriminaci\u00f3n contra el menor en el colegio \u201cMar\u00eda Montessori\u201d.<\/p>\n\n\n\n<p><\/p>\n","protected":false},"excerpt":{"rendered":"<p>Juan Arcos Xalapa, Ver.- A Aldo, un ni\u00f1o con autismo de diez a\u00f1os, le negaron su inscripci\u00f3n al ciclo escolar 2020-2021 en un colegio particular del municipio de Perote. Su madre Yary Yared D\u00edaz Garc\u00eda denunci\u00f3 que se trat\u00f3 de un acto de discriminaci\u00f3n en la escuela \u201cMar\u00eda Montessori\u201d. La se\u00f1ora present\u00f3 una queja en [&hellip;]<\/p>\n","protected":false},"author":1,"featured_media":3660,"comment_status":"open","ping_status":"open","sticky":false,"template":"","format":"standard","meta":{"_jetpack_memberships_contains_paid_content":false,"footnotes":""},"categories":[8],"tags":[],"class_list":["post-3659","post","type-post","status-publish","format-standard","has-post-thumbnail","hentry","category-region"],"jetpack_featured_media_url":"https:\/\/encuentroinformativo.com.mx\/wp-content\/uploads\/2020\/06\/035DF94F-C52F-49AA-81AE-EB5EAC4445C4.jpeg","jetpack_sharing_enabled":true,"jetpack_likes_enabled":true,"amp_enabled":true,"_links":{"self":[{"href":"https:\/\/encuentroinformativo.com.mx\/index.php?rest_route=\/wp\/v2\/posts\/3659","targetHints":{"allow":["GET"]}}],"collection":[{"href":"https:\/\/encuentroinformativo.com.mx\/index.php?rest_route=\/wp\/v2\/posts"}],"about":[{"href":"https:\/\/encuentroinformativo.com.mx\/index.php?rest_route=\/wp\/v2\/types\/post"}],"author":[{"embeddable":true,"href":"https:\/\/encuentroinformativo.com.mx\/index.php?rest_route=\/wp\/v2\/users\/1"}],"replies":[{"embeddable":true,"href":"https:\/\/encuentroinformativo.com.mx\/index.php?rest_route=%2Fwp%2Fv2%2Fcomments&post=3659"}],"version-history":[{"count":1,"href":"https:\/\/encuentroinformativo.com.mx\/index.php?rest_route=\/wp\/v2\/posts\/3659\/revisions"}],"predecessor-version":[{"id":3661,"href":"https:\/\/encuentroinformativo.com.mx\/index.php?rest_route=\/wp\/v2\/posts\/3659\/revisions\/3661"}],"wp:featuredmedia":[{"embeddable":true,"href":"https:\/\/encuentroinformativo.com.mx\/index.php?rest_route=\/wp\/v2\/media\/3660"}],"wp:attachment":[{"href":"https:\/\/encuentroinformativo.com.mx\/index.php?rest_route=%2Fwp%2Fv2%2Fmedia&parent=3659"}],"wp:term":[{"taxonomy":"category","embeddable":true,"href":"https:\/\/encuentroinformativo.com.mx\/index.php?rest_route=%2Fwp%2Fv2%2Fcategories&post=3659"},{"taxonomy":"post_tag","embeddable":true,"href":"https:\/\/encuentroinformativo.com.mx\/index.php?rest_route=%2Fwp%2Fv2%2Ftags&post=3659"}],"curies":[{"name":"wp","href":"https:\/\/api.w.org\/{rel}","templated":true}]}}