{"id":36595,"date":"2023-02-10T10:00:42","date_gmt":"2023-02-10T16:00:42","guid":{"rendered":"https:\/\/encuentroinformativo.com.mx\/?p=36595"},"modified":"2023-02-10T10:00:46","modified_gmt":"2023-02-10T16:00:46","slug":"bola-8-violentador","status":"publish","type":"post","link":"https:\/\/encuentroinformativo.com.mx\/?p=36595","title":{"rendered":"BOLA 8, VIOLENTADOR"},"content":{"rendered":"\n<p><strong>Los Pol\u00edticos<\/strong><\/p>\n\n\n\n<p><strong>Salvador Mu\u00f1oz<\/strong><\/p>\n\n\n\n<p>Si bien la diputada Ruth Callejas Rold\u00e1n espera que la sanci\u00f3n que se le aplique al secretario de Gobierno, Eric Cisneros Burgos, mejor conocido como Bola 8, sea la de incluirlo en el Padr\u00f3n de Violentadores, al acreditarse que hubo Violencia Pol\u00edtica de G\u00e9nero contra dicha legisladora durante la pasada comparecencia del funcionario estatal, la \u201cl\u00f3gica jur\u00eddica\u201d simplemente le tendr\u00eda que dar la raz\u00f3n a Ruth. Vamos: Est\u00e1 m\u00e1s que cantada su inclusi\u00f3n en esa Lista Negra.<\/p>\n\n\n\n<p>Las implicaciones del resolutivo de la Sala Superior del Tribunal Electoral del Poder Judicial de la Federaci\u00f3n a favor de Ruth Callejas, van m\u00e1s all\u00e1 de esa posibilidad que anhela la legisladora contra el violentador Cisneros Burgos\u2026<\/p>\n\n\n\n<p>Tambi\u00e9n van m\u00e1s all\u00e1 de cuando las diputadas de Morena alzaron la voz para defender al secretario de Gobierno cuando se dio a conocer que hab\u00eda sido denunciado ante las instancias correspondientes por Violencia Pol\u00edtica de G\u00e9nero\u2026 si, muchas de estas diputadas de Morena tendr\u00e1n que tragarse sus palabras aunque hay que reconocerles el valor para dar la cara y defender lo indefendible, porque hay otras que con su silencio o su ausencia, defienden m\u00e1s a Bola 8 que Margarita, Ana Miriam, Rosalinda, Janix, entre otros y otras\u2026 y no son de Morena\u2026<\/p>\n\n\n\n<p>Habr\u00e1 que ver casos como el de Anil\u00fa Ingram, igual violentada por el entonces secretario de Salud, Roberto Ramos Alor, pero las autoridades estatales nuevamente se escudaron en una apreciaci\u00f3n incorrecta de la inmunidad parlamentaria o dicho de otro modo, le dieron \u201cfacultades\u201d de Diputado a Ramos Alor para poner su comparecencia a nivel de debate, cuando su obligaci\u00f3n \u00fanica y exclusiva es la de informar y responder a lo que se le cuestiona\u2026 esas mismas condiciones quisieron aplicar a Bola 8, salvo por un ligero detalle que destac\u00f3 un Magistrado de la Sala Superior del TEPJF: Cisneros Burgos no goza de inmunidad parlamentaria\u2026 se espera que tampoco goce de impunidad\u2026<\/p>\n\n\n\n<p>Aunque la m\u00e1s relevante de las implicaciones que conlleva este escenario generado por la violencia pol\u00edtica ejercida por el secretario de Gobierno contra la diputada Ruth Callejas, es la posibilidad de que no participe en los pr\u00f3ximos procesos electorales si, \u201catendiendo la l\u00f3gica jur\u00eddica\u201d, es incluido en el Padr\u00f3n de Personas Sancionadas por Violencia Pol\u00edtica de G\u00e9nero.<\/p>\n\n\n\n<p>El OPLE y el Tribunal Estatal Electoral est\u00e1n a nada de sentar un precedente que ya en voz de la Sala Superior del TEPJF repercute en el Senado, en la C\u00e1mara de Diputados federales, en los Congresos locales del pa\u00eds, porque hoy, con la lucha de Ruth Callejas, ya no puede haber m\u00e1s Bolas 8 que ataquen no s\u00f3lo a las diputadas, sino a las mujeres, creyendo que por ser secretarios de despacho gozan de impunidad para hacer y responder lo que se les antoje y venga en gana\u2026 olvidando que son s\u00f3lo los empleados del Gobernador.<\/p>\n","protected":false},"excerpt":{"rendered":"<p>Los Pol\u00edticos Salvador Mu\u00f1oz Si bien la diputada Ruth Callejas Rold\u00e1n espera que la sanci\u00f3n que se le aplique al secretario de Gobierno, Eric Cisneros Burgos, mejor conocido como Bola 8, sea la de incluirlo en el Padr\u00f3n de Violentadores, al acreditarse que hubo Violencia Pol\u00edtica de G\u00e9nero contra dicha legisladora durante la pasada comparecencia [&hellip;]<\/p>\n","protected":false},"author":2476,"featured_media":387,"comment_status":"open","ping_status":"open","sticky":false,"template":"","format":"standard","meta":{"_jetpack_memberships_contains_paid_content":false,"footnotes":""},"categories":[11],"tags":[],"class_list":["post-36595","post","type-post","status-publish","format-standard","has-post-thumbnail","hentry","category-opinion"],"jetpack_featured_media_url":"https:\/\/encuentroinformativo.com.mx\/wp-content\/uploads\/2020\/03\/7CF8A22B-2764-47BE-8F7F-38FE9E5D6A2F.jpeg","jetpack_sharing_enabled":true,"jetpack_likes_enabled":true,"amp_enabled":true,"_links":{"self":[{"href":"https:\/\/encuentroinformativo.com.mx\/index.php?rest_route=\/wp\/v2\/posts\/36595","targetHints":{"allow":["GET"]}}],"collection":[{"href":"https:\/\/encuentroinformativo.com.mx\/index.php?rest_route=\/wp\/v2\/posts"}],"about":[{"href":"https:\/\/encuentroinformativo.com.mx\/index.php?rest_route=\/wp\/v2\/types\/post"}],"author":[{"embeddable":true,"href":"https:\/\/encuentroinformativo.com.mx\/index.php?rest_route=\/wp\/v2\/users\/2476"}],"replies":[{"embeddable":true,"href":"https:\/\/encuentroinformativo.com.mx\/index.php?rest_route=%2Fwp%2Fv2%2Fcomments&post=36595"}],"version-history":[{"count":1,"href":"https:\/\/encuentroinformativo.com.mx\/index.php?rest_route=\/wp\/v2\/posts\/36595\/revisions"}],"predecessor-version":[{"id":36596,"href":"https:\/\/encuentroinformativo.com.mx\/index.php?rest_route=\/wp\/v2\/posts\/36595\/revisions\/36596"}],"wp:featuredmedia":[{"embeddable":true,"href":"https:\/\/encuentroinformativo.com.mx\/index.php?rest_route=\/wp\/v2\/media\/387"}],"wp:attachment":[{"href":"https:\/\/encuentroinformativo.com.mx\/index.php?rest_route=%2Fwp%2Fv2%2Fmedia&parent=36595"}],"wp:term":[{"taxonomy":"category","embeddable":true,"href":"https:\/\/encuentroinformativo.com.mx\/index.php?rest_route=%2Fwp%2Fv2%2Fcategories&post=36595"},{"taxonomy":"post_tag","embeddable":true,"href":"https:\/\/encuentroinformativo.com.mx\/index.php?rest_route=%2Fwp%2Fv2%2Ftags&post=36595"}],"curies":[{"name":"wp","href":"https:\/\/api.w.org\/{rel}","templated":true}]}}