{"id":36597,"date":"2023-02-10T10:26:56","date_gmt":"2023-02-10T16:26:56","guid":{"rendered":"https:\/\/encuentroinformativo.com.mx\/?p=36597"},"modified":"2023-02-10T10:27:00","modified_gmt":"2023-02-10T16:27:00","slug":"medellin-tendra-festival-de-son-jarocho","status":"publish","type":"post","link":"https:\/\/encuentroinformativo.com.mx\/?p=36597","title":{"rendered":"Medell\u00edn tendr\u00e1 Festival de Son Jarocho"},"content":{"rendered":"\n<p><strong>Alejandro \u00c1vila<\/strong><\/p>\n\n\n\n<p>Medell\u00edn de Bravo, Ver.- La Casa de la Cultura se encuentra promocionando el Festival del Son \u201cMedell\u00edn de mi Coraz\u00f3n\u201d, que se llevar\u00e1 a cabo el 11 y 12 de febrero en la explanada del parque Nicol\u00e1s Bravo de la cabecera municipal.<\/p>\n\n\n\n<p>Lo anterior forma parte de las acciones dispuestas por el alcalde Marcos Isle\u00f1o Andrade para rescatar las tradiciones que dan identidad al municipio.&nbsp;<\/p>\n\n\n\n<p>El evento contar\u00e1 con diferentes actividades culturales, como talleres, muestras gastron\u00f3micas y la presentaci\u00f3n de los ballets folkl\u00f3ricos de la Universidad Veracruzana, del Centro de Estudios Crist\u00f3bal Col\u00f3n y de la Casa de Cultura del municipio de Ignacio de la Llave.<\/p>\n\n\n\n<p>La jefa de la Casa de la Cultura, Clara Arcelia Rivera Lara coment\u00f3 que se contar\u00e1 con la destacada participaci\u00f3n de la arpista Mar\u00eda Magdalena Huerta Prado, quien acompa\u00f1ara en sus giras a la extinta Graciana Silva (La Negra Graciana), la reconocida arpista de talla internacional, oriunda y orgullo de Medell\u00edn.<\/p>\n\n\n\n<p>Tambi\u00e9n subray\u00f3 que llevar\u00e1n a cabo la presentaci\u00f3n de una loter\u00eda representativa de Medell\u00edn y contar\u00e1n con la participaci\u00f3n de 20 expositores artesanos originarios de la regi\u00f3n, as\u00ed como del historiador medellinense Mario Casta\u00f1eda Guti\u00e9rrez.<\/p>\n\n\n\n<p>Para mayor informaci\u00f3n sobre el festival y las actividades que se estar\u00e1n realizando, se deben consultar las redes sociales del alcalde Marcos Isle\u00f1o Andrade, en donde podr\u00e1n enterarse de todo el programa a realizarse.<\/p>\n","protected":false},"excerpt":{"rendered":"<p>Alejandro \u00c1vila Medell\u00edn de Bravo, Ver.- La Casa de la Cultura se encuentra promocionando el Festival del Son \u201cMedell\u00edn de mi Coraz\u00f3n\u201d, que se llevar\u00e1 a cabo el 11 y 12 de febrero en la explanada del parque Nicol\u00e1s Bravo de la cabecera municipal. Lo anterior forma parte de las acciones dispuestas por el alcalde [&hellip;]<\/p>\n","protected":false},"author":2476,"featured_media":36598,"comment_status":"open","ping_status":"open","sticky":false,"template":"","format":"standard","meta":{"_jetpack_memberships_contains_paid_content":false,"footnotes":""},"categories":[2],"tags":[],"class_list":["post-36597","post","type-post","status-publish","format-standard","has-post-thumbnail","hentry","category-estado"],"jetpack_featured_media_url":"https:\/\/encuentroinformativo.com.mx\/wp-content\/uploads\/2023\/02\/IMG-20230210-WA0009.jpg","jetpack_sharing_enabled":true,"jetpack_likes_enabled":true,"amp_enabled":true,"_links":{"self":[{"href":"https:\/\/encuentroinformativo.com.mx\/index.php?rest_route=\/wp\/v2\/posts\/36597","targetHints":{"allow":["GET"]}}],"collection":[{"href":"https:\/\/encuentroinformativo.com.mx\/index.php?rest_route=\/wp\/v2\/posts"}],"about":[{"href":"https:\/\/encuentroinformativo.com.mx\/index.php?rest_route=\/wp\/v2\/types\/post"}],"author":[{"embeddable":true,"href":"https:\/\/encuentroinformativo.com.mx\/index.php?rest_route=\/wp\/v2\/users\/2476"}],"replies":[{"embeddable":true,"href":"https:\/\/encuentroinformativo.com.mx\/index.php?rest_route=%2Fwp%2Fv2%2Fcomments&post=36597"}],"version-history":[{"count":1,"href":"https:\/\/encuentroinformativo.com.mx\/index.php?rest_route=\/wp\/v2\/posts\/36597\/revisions"}],"predecessor-version":[{"id":36599,"href":"https:\/\/encuentroinformativo.com.mx\/index.php?rest_route=\/wp\/v2\/posts\/36597\/revisions\/36599"}],"wp:featuredmedia":[{"embeddable":true,"href":"https:\/\/encuentroinformativo.com.mx\/index.php?rest_route=\/wp\/v2\/media\/36598"}],"wp:attachment":[{"href":"https:\/\/encuentroinformativo.com.mx\/index.php?rest_route=%2Fwp%2Fv2%2Fmedia&parent=36597"}],"wp:term":[{"taxonomy":"category","embeddable":true,"href":"https:\/\/encuentroinformativo.com.mx\/index.php?rest_route=%2Fwp%2Fv2%2Fcategories&post=36597"},{"taxonomy":"post_tag","embeddable":true,"href":"https:\/\/encuentroinformativo.com.mx\/index.php?rest_route=%2Fwp%2Fv2%2Ftags&post=36597"}],"curies":[{"name":"wp","href":"https:\/\/api.w.org\/{rel}","templated":true}]}}