{"id":36603,"date":"2023-02-10T10:41:45","date_gmt":"2023-02-10T16:41:45","guid":{"rendered":"https:\/\/encuentroinformativo.com.mx\/?p=36603"},"modified":"2023-02-10T10:41:49","modified_gmt":"2023-02-10T16:41:49","slug":"busca-canacintra-consolidar-avances-de-sector-industrial","status":"publish","type":"post","link":"https:\/\/encuentroinformativo.com.mx\/?p=36603","title":{"rendered":"Busca CANACINTRA consolidar avances de sector industrial"},"content":{"rendered":"\n<p><strong>Alejandro \u00c1vila<\/strong><\/p>\n\n\n\n<p>Veracruz, Ver.- La delegaci\u00f3n en Veracruz de CANACINTRA realizar\u00e1 peri\u00f3dicamente desayunos empresariales, a fin de aumentar y consolidar los avances en el sector industrial en la entidad veracruzana.<\/p>\n\n\n\n<p>La presidenta de la delegaci\u00f3n Veracruz de Canacintra, Mildred Ch\u00e1vez dijo, &#8220;es el atraer proyectos que puedan beneficiar a la regi\u00f3n, que sean atractivos para la inversi\u00f3n y sobre todo la consolidaci\u00f3n de la industria de la transformaci\u00f3n en Veracruz&#8221;.<\/p>\n\n\n\n<p>A la primera reuni\u00f3n asistieron representantes del sector industrial y empresarial de Veracruz, as\u00ed como Edgar Guevara, gerente regional de Gas Natural del Noroeste, el cual se\u00f1al\u00f3 la empresa se encuentra tramitando los permisos para poder operar en la zona urbana de Veracruz y Boca del R\u00edo.<\/p>\n\n\n\n<p>Mildred Ch\u00e1vez presidenta de Canacintra Veracruz, dijo que as\u00ed como este encuentro, el organismo a su cargo buscara de manera peri\u00f3dica mostrar proyectos importantes y aterrizar programas que beneficien a los industriales y empresarios de la regi\u00f3n.<\/p>\n","protected":false},"excerpt":{"rendered":"<p>Alejandro \u00c1vila Veracruz, Ver.- La delegaci\u00f3n en Veracruz de CANACINTRA realizar\u00e1 peri\u00f3dicamente desayunos empresariales, a fin de aumentar y consolidar los avances en el sector industrial en la entidad veracruzana. La presidenta de la delegaci\u00f3n Veracruz de Canacintra, Mildred Ch\u00e1vez dijo, &#8220;es el atraer proyectos que puedan beneficiar a la regi\u00f3n, que sean atractivos para [&hellip;]<\/p>\n","protected":false},"author":2476,"featured_media":36604,"comment_status":"open","ping_status":"open","sticky":false,"template":"","format":"standard","meta":{"_jetpack_memberships_contains_paid_content":false,"footnotes":""},"categories":[2],"tags":[],"class_list":["post-36603","post","type-post","status-publish","format-standard","has-post-thumbnail","hentry","category-estado"],"jetpack_featured_media_url":"https:\/\/encuentroinformativo.com.mx\/wp-content\/uploads\/2023\/02\/IMG-20230210-WA0006.jpg","jetpack_sharing_enabled":true,"jetpack_likes_enabled":true,"amp_enabled":true,"_links":{"self":[{"href":"https:\/\/encuentroinformativo.com.mx\/index.php?rest_route=\/wp\/v2\/posts\/36603","targetHints":{"allow":["GET"]}}],"collection":[{"href":"https:\/\/encuentroinformativo.com.mx\/index.php?rest_route=\/wp\/v2\/posts"}],"about":[{"href":"https:\/\/encuentroinformativo.com.mx\/index.php?rest_route=\/wp\/v2\/types\/post"}],"author":[{"embeddable":true,"href":"https:\/\/encuentroinformativo.com.mx\/index.php?rest_route=\/wp\/v2\/users\/2476"}],"replies":[{"embeddable":true,"href":"https:\/\/encuentroinformativo.com.mx\/index.php?rest_route=%2Fwp%2Fv2%2Fcomments&post=36603"}],"version-history":[{"count":1,"href":"https:\/\/encuentroinformativo.com.mx\/index.php?rest_route=\/wp\/v2\/posts\/36603\/revisions"}],"predecessor-version":[{"id":36605,"href":"https:\/\/encuentroinformativo.com.mx\/index.php?rest_route=\/wp\/v2\/posts\/36603\/revisions\/36605"}],"wp:featuredmedia":[{"embeddable":true,"href":"https:\/\/encuentroinformativo.com.mx\/index.php?rest_route=\/wp\/v2\/media\/36604"}],"wp:attachment":[{"href":"https:\/\/encuentroinformativo.com.mx\/index.php?rest_route=%2Fwp%2Fv2%2Fmedia&parent=36603"}],"wp:term":[{"taxonomy":"category","embeddable":true,"href":"https:\/\/encuentroinformativo.com.mx\/index.php?rest_route=%2Fwp%2Fv2%2Fcategories&post=36603"},{"taxonomy":"post_tag","embeddable":true,"href":"https:\/\/encuentroinformativo.com.mx\/index.php?rest_route=%2Fwp%2Fv2%2Ftags&post=36603"}],"curies":[{"name":"wp","href":"https:\/\/api.w.org\/{rel}","templated":true}]}}