{"id":36606,"date":"2023-02-10T10:48:05","date_gmt":"2023-02-10T16:48:05","guid":{"rendered":"https:\/\/encuentroinformativo.com.mx\/?p=36606"},"modified":"2023-02-10T10:48:09","modified_gmt":"2023-02-10T16:48:09","slug":"en-intento-de-asalto-balean-a-conductor-de-au-en-fortin","status":"publish","type":"post","link":"https:\/\/encuentroinformativo.com.mx\/?p=36606","title":{"rendered":"En intento de asalto, balean a conductor de AU en Fort\u00edn"},"content":{"rendered":"\n<p><strong>Alejandro \u00c1vila<\/strong><\/p>\n\n\n\n<p>Fort\u00edn de las Flores, Ver.- El conductor de un autob\u00fas de pasaje de la empresa AU result\u00f3 herido de bala la noche de este jueves, tras verse frustrado un intento de asalto por parte de dos ladrones.<\/p>\n\n\n\n<p>Los hechos ocurrieron en la autopista Orizaba &#8211; C\u00f3rdoba a la altura de la caseta de Fort\u00edn de las Flores, donde dos sujetos que abordaban el autob\u00fas con n\u00famero econ\u00f3mico 4589 se pararon de sus asientos para informar al resto de los pasajeros que se trataba de un asalto.<\/p>\n\n\n\n<p>Aparentemente uno de los pasajeros logr\u00f3 dar aviso al n\u00famero de emergencias 911, y al darse cuenta los dos rufianes que el intento de asalto se podr\u00eda frustrar, accionaron su arma de fuego en contra del conductor del autob\u00fas y huyeron del sitio.<\/p>\n\n\n\n<p>El conductor sigui\u00f3 su camino hasta llegar cerca de la caseta de Fort\u00edn, donde fue atendido por personal de Rescatistas Primeros Respondientes y dem\u00e1s grupos de auxilio, para finalmente ser trasladado a un hospital.<\/p>\n\n\n\n<p>Aunque se despleg\u00f3 un fuerte operativo policiaco en la zona, no se logr\u00f3 ubicar ni detener a los responsables de los hechos.<\/p>\n","protected":false},"excerpt":{"rendered":"<p>Alejandro \u00c1vila Fort\u00edn de las Flores, Ver.- El conductor de un autob\u00fas de pasaje de la empresa AU result\u00f3 herido de bala la noche de este jueves, tras verse frustrado un intento de asalto por parte de dos ladrones. Los hechos ocurrieron en la autopista Orizaba &#8211; C\u00f3rdoba a la altura de la caseta de [&hellip;]<\/p>\n","protected":false},"author":2476,"featured_media":36607,"comment_status":"open","ping_status":"open","sticky":false,"template":"","format":"standard","meta":{"_jetpack_memberships_contains_paid_content":false,"footnotes":""},"categories":[14],"tags":[],"class_list":["post-36606","post","type-post","status-publish","format-standard","has-post-thumbnail","hentry","category-policiaca"],"jetpack_featured_media_url":"https:\/\/encuentroinformativo.com.mx\/wp-content\/uploads\/2023\/02\/IMG-20230210-WA00172.jpg","jetpack_sharing_enabled":true,"jetpack_likes_enabled":true,"amp_enabled":true,"_links":{"self":[{"href":"https:\/\/encuentroinformativo.com.mx\/index.php?rest_route=\/wp\/v2\/posts\/36606","targetHints":{"allow":["GET"]}}],"collection":[{"href":"https:\/\/encuentroinformativo.com.mx\/index.php?rest_route=\/wp\/v2\/posts"}],"about":[{"href":"https:\/\/encuentroinformativo.com.mx\/index.php?rest_route=\/wp\/v2\/types\/post"}],"author":[{"embeddable":true,"href":"https:\/\/encuentroinformativo.com.mx\/index.php?rest_route=\/wp\/v2\/users\/2476"}],"replies":[{"embeddable":true,"href":"https:\/\/encuentroinformativo.com.mx\/index.php?rest_route=%2Fwp%2Fv2%2Fcomments&post=36606"}],"version-history":[{"count":1,"href":"https:\/\/encuentroinformativo.com.mx\/index.php?rest_route=\/wp\/v2\/posts\/36606\/revisions"}],"predecessor-version":[{"id":36608,"href":"https:\/\/encuentroinformativo.com.mx\/index.php?rest_route=\/wp\/v2\/posts\/36606\/revisions\/36608"}],"wp:featuredmedia":[{"embeddable":true,"href":"https:\/\/encuentroinformativo.com.mx\/index.php?rest_route=\/wp\/v2\/media\/36607"}],"wp:attachment":[{"href":"https:\/\/encuentroinformativo.com.mx\/index.php?rest_route=%2Fwp%2Fv2%2Fmedia&parent=36606"}],"wp:term":[{"taxonomy":"category","embeddable":true,"href":"https:\/\/encuentroinformativo.com.mx\/index.php?rest_route=%2Fwp%2Fv2%2Fcategories&post=36606"},{"taxonomy":"post_tag","embeddable":true,"href":"https:\/\/encuentroinformativo.com.mx\/index.php?rest_route=%2Fwp%2Fv2%2Ftags&post=36606"}],"curies":[{"name":"wp","href":"https:\/\/api.w.org\/{rel}","templated":true}]}}