{"id":36618,"date":"2023-02-10T12:43:57","date_gmt":"2023-02-10T18:43:57","guid":{"rendered":"https:\/\/encuentroinformativo.com.mx\/?p=36618"},"modified":"2023-02-10T12:44:01","modified_gmt":"2023-02-10T18:44:01","slug":"niega-alcaldesa-trata-de-personas-en-villa-aldama","status":"publish","type":"post","link":"https:\/\/encuentroinformativo.com.mx\/?p=36618","title":{"rendered":"Niega Alcaldesa trata de personas en Villa Aldama"},"content":{"rendered":"\n<p><strong>Juan Arcos<\/strong> <\/p>\n\n\n\n<p>Xalapa, Ver.- La alcaldesa de Villa Aldama, Guadalupe Romero S\u00e1nchez, neg\u00f3 que en los 13 meses que van de su administraci\u00f3n se haya detectado la operaci\u00f3n de bandas delictivas dedicadas a la trata de personas.<\/p>\n\n\n\n<p>La edil opin\u00f3 lo anterior, luego que los familiares de F\u00e1tima Cristal Gonz\u00e1lez Patlas, desaparecida desde el 9 de diciembre en dicho municipio, acusaran que la menor pudo haber sido v\u00edctima de trata.<\/p>\n\n\n\n<p>Los parientes de esta chica, quien cumpli\u00f3 15 a\u00f1os el pasado 16 de enero, han se\u00f1alado que varias jovencitas han desaparecido en la regi\u00f3n del Valle de Perote y que esto podr\u00eda estar relacionado con la presunta existencia de una banda delictiva dedicada a cometer el mencionado il\u00edcito.<\/p>\n\n\n\n<p>F\u00e1tima acudi\u00f3 a una pastorela a la escuela secundaria \u201cVicente Toledano\u201d en el municipio de Villa Aldama, y al salir del plantel pidi\u00f3 permiso a su abuelita Blasina Gonz\u00e1lez Ballesteros para ir al parque con sus amigas.<\/p>\n\n\n\n<p>A partir de ese momento, F\u00e1tima desapareci\u00f3 y desde entonces su familia se ha dedicado a buscarla, as\u00ed como a protestar en calles de la ciudad capital y exigir a las autoridades correspondientes localizarla con vida.<\/p>\n\n\n\n<p>Sobre este caso, la Alcaldesa de Villa Aldama se\u00f1al\u00f3 que desde el primero de enero del 2022 que rindi\u00f3 protesta a la fecha, es el primer caso de una persona desaparecida en su municipio.<\/p>\n\n\n\n<p>\u201cClaro que no, recuerda que el que acusa est\u00e1 obligado a probarlo. Reitero en mi administraci\u00f3n es el primer caso que tenemos pero de lo que acaba de comentar no&#8221;, expres\u00f3.<\/p>\n\n\n\n<p>Ayer jueves, los familiares de F\u00e1tima protestaron frente a Palacio de Gobierno, en esta ciudad de Xalapa, al cumplirse dos meses de su desaparici\u00f3n en el municipio de Villa Aldama.<\/p>\n","protected":false},"excerpt":{"rendered":"<p>Juan Arcos Xalapa, Ver.- La alcaldesa de Villa Aldama, Guadalupe Romero S\u00e1nchez, neg\u00f3 que en los 13 meses que van de su administraci\u00f3n se haya detectado la operaci\u00f3n de bandas delictivas dedicadas a la trata de personas. La edil opin\u00f3 lo anterior, luego que los familiares de F\u00e1tima Cristal Gonz\u00e1lez Patlas, desaparecida desde el 9 [&hellip;]<\/p>\n","protected":false},"author":2476,"featured_media":36619,"comment_status":"open","ping_status":"open","sticky":false,"template":"","format":"standard","meta":{"_jetpack_memberships_contains_paid_content":false,"footnotes":""},"categories":[8],"tags":[],"class_list":["post-36618","post","type-post","status-publish","format-standard","has-post-thumbnail","hentry","category-region"],"jetpack_featured_media_url":"https:\/\/encuentroinformativo.com.mx\/wp-content\/uploads\/2023\/02\/Lumii_20230210_122629698.jpg","jetpack_sharing_enabled":true,"jetpack_likes_enabled":true,"amp_enabled":true,"_links":{"self":[{"href":"https:\/\/encuentroinformativo.com.mx\/index.php?rest_route=\/wp\/v2\/posts\/36618","targetHints":{"allow":["GET"]}}],"collection":[{"href":"https:\/\/encuentroinformativo.com.mx\/index.php?rest_route=\/wp\/v2\/posts"}],"about":[{"href":"https:\/\/encuentroinformativo.com.mx\/index.php?rest_route=\/wp\/v2\/types\/post"}],"author":[{"embeddable":true,"href":"https:\/\/encuentroinformativo.com.mx\/index.php?rest_route=\/wp\/v2\/users\/2476"}],"replies":[{"embeddable":true,"href":"https:\/\/encuentroinformativo.com.mx\/index.php?rest_route=%2Fwp%2Fv2%2Fcomments&post=36618"}],"version-history":[{"count":1,"href":"https:\/\/encuentroinformativo.com.mx\/index.php?rest_route=\/wp\/v2\/posts\/36618\/revisions"}],"predecessor-version":[{"id":36620,"href":"https:\/\/encuentroinformativo.com.mx\/index.php?rest_route=\/wp\/v2\/posts\/36618\/revisions\/36620"}],"wp:featuredmedia":[{"embeddable":true,"href":"https:\/\/encuentroinformativo.com.mx\/index.php?rest_route=\/wp\/v2\/media\/36619"}],"wp:attachment":[{"href":"https:\/\/encuentroinformativo.com.mx\/index.php?rest_route=%2Fwp%2Fv2%2Fmedia&parent=36618"}],"wp:term":[{"taxonomy":"category","embeddable":true,"href":"https:\/\/encuentroinformativo.com.mx\/index.php?rest_route=%2Fwp%2Fv2%2Fcategories&post=36618"},{"taxonomy":"post_tag","embeddable":true,"href":"https:\/\/encuentroinformativo.com.mx\/index.php?rest_route=%2Fwp%2Fv2%2Ftags&post=36618"}],"curies":[{"name":"wp","href":"https:\/\/api.w.org\/{rel}","templated":true}]}}